{"id":4468,"date":"2024-01-11T13:27:56","date_gmt":"2024-01-11T12:27:56","guid":{"rendered":"https:\/\/pasaenmendoza.com\/?p=4468"},"modified":"2024-01-11T13:27:57","modified_gmt":"2024-01-11T12:27:57","slug":"el-tiempo-en-mendoza-nueva-alerta-por-tormentas-y-leve-descenso-de-la-temperatura","status":"publish","type":"post","link":"https:\/\/pasaenmendoza.com\/?p=4468","title":{"rendered":"El tiempo en Mendoza: nueva alerta por tormentas y leve descenso de la temperatura"},"content":{"rendered":"\n<p>El&nbsp;<strong>jueves<\/strong>&nbsp;arranca inestable, con nubosidad variable, descenso de la temperatura y vientos leves del noreste.&nbsp;<mark>La m\u00ednima ser\u00e1 de 21 grados y la m\u00e1xima llegar\u00e1 a los 31.<\/mark><\/p>\n\n\n\n<p>Adem\u00e1s, el\u00a0<strong>Servicio Meteorol\u00f3gico Nacional (SMN)<\/strong>\u00a0emiti\u00f3 un\u00a0<mark>alerta amarillo por tormentas, con posible ca\u00edda de granizo.\u00a0<\/mark>El fen\u00f3meno se registrar\u00e1 en horas de la tarde-noche y afectar\u00e1 al Este de Las Heras, La Paz, San Mart\u00edn, Santa Rosa, General Alvear, zonas bajas de San Rafael y Malarg\u00fce.<\/p>\n\n\n\n<p><em>\u201cEl \u00e1rea ser\u00e1 afectada por tormentas, algunas localmente fuertes. Las mismas pueden estar acompa\u00f1adas por r\u00e1fagas intensas, importante actividad el\u00e9ctrica, ocasional ca\u00edda de granizo y abundante ca\u00edda de agua en cortos per\u00edodos de tiempo. Se prev\u00e9n valores de precipitaci\u00f3n acumulada entre 20 y 40 mm, pudiendo ser superados en forma puntual\u201d<\/em>, detallaron en el sitio oficial.<\/p>\n\n\n\n<p>Para el&nbsp;<strong>viernes<\/strong>&nbsp;se prev\u00e9: \u201cNubosidad variable con ascenso de la temperatura y tormentas aisladas, vientos leves del este\u201d.&nbsp;<mark>La m\u00ednima ser\u00e1 de 22 grados y la m\u00e1xima de 33.<\/mark><\/p>\n\n\n\n<p>El<strong>\u00a0s\u00e1bado<\/strong>\u00a0se presentar\u00e1 con nubosidad variable, poco cambio de la temperatura, vientos leves del noreste.\u00a0<mark>La m\u00ednima ser\u00e1 de 21 grados y la m\u00e1xima de 33.<\/mark><\/p>\n\n\n\n<p><strong>La situaci\u00f3n en alta monta\u00f1a<\/strong><\/p>\n\n\n\n<p>El&nbsp;<strong>Sistema Integrado Cristo Redentor<\/strong>&nbsp;se encuentra&nbsp;<mark>habilitado<\/mark>&nbsp;para todo tipo de veh\u00edculos durante las 24 horas.<\/p>\n\n\n\n<p>El\u00a0<strong>paso Pehuenche<\/strong>\u00a0est\u00e1\u00a0<mark>transitable<\/mark>, de 9 a 19.<\/p>\n\n\n\n<p><strong>Fuente: www.elsol.com.ar<\/strong><\/p>\n","protected":false},"excerpt":{"rendered":"<p>El&nbsp;jueves&nbsp;arranca inestable, con nubosidad variable, descenso de la temperatura y vientos leves del noreste.&nbsp;La m\u00ednima ser\u00e1 de 21 grados y la m\u00e1xima llegar\u00e1 a los 31. Adem\u00e1s, el\u00a0Servicio Meteorol\u00f3gico Nacional (SMN)\u00a0emiti\u00f3 un\u00a0alerta amarillo por tormentas, con posible ca\u00edda de granizo.\u00a0El fen\u00f3meno se registrar\u00e1 en horas de la tarde-noche y afectar\u00e1 al Este de Las Heras, [&hellip;]<\/p>\n","protected":false},"author":2,"featured_media":4474,"comment_status":"open","ping_status":"open","sticky":false,"template":"","format":"standard","meta":[],"categories":[52],"tags":[],"_links":{"self":[{"href":"https:\/\/pasaenmendoza.com\/index.php?rest_route=\/wp\/v2\/posts\/4468"}],"collection":[{"href":"https:\/\/pasaenmendoza.com\/index.php?rest_route=\/wp\/v2\/posts"}],"about":[{"href":"https:\/\/pasaenmendoza.com\/index.php?rest_route=\/wp\/v2\/types\/post"}],"author":[{"embeddable":true,"href":"https:\/\/pasaenmendoza.com\/index.php?rest_route=\/wp\/v2\/users\/2"}],"replies":[{"embeddable":true,"href":"https:\/\/pasaenmendoza.com\/index.php?rest_route=%2Fwp%2Fv2%2Fcomments&post=4468"}],"version-history":[{"count":1,"href":"https:\/\/pasaenmendoza.com\/index.php?rest_route=\/wp\/v2\/posts\/4468\/revisions"}],"predecessor-version":[{"id":4475,"href":"https:\/\/pasaenmendoza.com\/index.php?rest_route=\/wp\/v2\/posts\/4468\/revisions\/4475"}],"wp:featuredmedia":[{"embeddable":true,"href":"https:\/\/pasaenmendoza.com\/index.php?rest_route=\/wp\/v2\/media\/4474"}],"wp:attachment":[{"href":"https:\/\/pasaenmendoza.com\/index.php?rest_route=%2Fwp%2Fv2%2Fmedia&parent=4468"}],"wp:term":[{"taxonomy":"category","embeddable":true,"href":"https:\/\/pasaenmendoza.com\/index.php?rest_route=%2Fwp%2Fv2%2Fcategories&post=4468"},{"taxonomy":"post_tag","embeddable":true,"href":"https:\/\/pasaenmendoza.com\/index.php?rest_route=%2Fwp%2Fv2%2Ftags&post=4468"}],"curies":[{"name":"wp","href":"https:\/\/api.w.org\/{rel}","templated":true}]}}