{"id":4471,"date":"2024-01-11T13:17:39","date_gmt":"2024-01-11T12:17:39","guid":{"rendered":"https:\/\/pasaenmendoza.com\/?p=4471"},"modified":"2024-01-11T13:17:40","modified_gmt":"2024-01-11T12:17:40","slug":"tadeo-garcia-zalazar-garantizo-los-190-dias-de-clases-para-mendoza-en-el-ciclo-lectivo-2024","status":"publish","type":"post","link":"https:\/\/pasaenmendoza.com\/?p=4471","title":{"rendered":"Tadeo Garc\u00eda Zalazar garantiz\u00f3 los 190 d\u00edas de clases para Mendoza en el ciclo lectivo 2024"},"content":{"rendered":"\n<p>Los ministros de Educaci\u00f3n de las 24 jurisdicciones argentinas, reunidos en el Consejo Federal de Educaci\u00f3n (CFE)\u00a0<strong>se comprometieron a cumplir los 190 dias de clases<\/strong><\/p>\n\n\n\n<p><strong>Tadeo Garc\u00eda Zalazar, ministro de Educaci\u00f3n, Cultura e Infancias de la provincia<\/strong>, fue de la partida y garantiz\u00f3 que en Mendoza se cumplir\u00e1 la meta de los 190 d\u00edas de clases.<\/p>\n\n\n\n<p>con Mendoza incluida,&nbsp;<strong>10 de las 24 jurisdicciones comenzar\u00e1n el ciclo lectivo 2024 el 26 de febrero<\/strong>: CABA, C\u00f3rdoba, Corrientes, Entre R\u00edos, Formosa, Jujuy, Salta, San Luis, Santa Fe y Mendoza.<\/p>\n\n\n\n<p>El receso invernal para Mendoza ser\u00e1 desde el 8 al 21 de julio y el 13 de diciembre finalizar\u00e1n las clases.<\/p>\n\n\n\n<h2 class=\"wp-block-heading\">Los 190 d\u00edas de clases al a\u00f1o, un acuerdo nacional<\/h2>\n\n\n\n<p>En cuanto a\u00a0<strong>por qu\u00e9 se estableci\u00f3 esta cantidad de d\u00edas\u00a0<\/strong>como la necesaria para los alumnos de los tres niveles educativos, la resoluci\u00f3n del CFE indica que se considera que el\u00a0<strong>aumento de tiempos escolares aporta efectos positivos en el fortalecimiento de los aprendizajes,<\/strong>\u00a0por lo que se ratifica la medida de fijar un m\u00ednimo de 190 d\u00edas de clase.<\/p>\n\n\n\n<p>Adem\u00e1s, el documento del CFE determin\u00f3 que es importante establecer una estrategia federal, para facilitar el seguimiento del cumplimiento de este periodo de tiempo dentro del aula, que incluya periodos de recuperaci\u00f3n y que, en los casos que corresponda, se destinen los recursos provistos por los planes, programas, estrategias y l\u00edneas de acci\u00f3n para fortalecer la trayectoria de los alumnos.<\/p>\n\n\n\n<h2 class=\"wp-block-heading\">Las fechas importantes del ciclo lectivo en Mendoza<\/h2>\n\n\n\n<p>Adem\u00e1s del comienzo de clases el 26 de febrero, las vacaciones de invierno del 8 al 21 de julio y el fin de clases fijado para el 13 de diciembre, las&nbsp;<strong>dem\u00e1s fechas importantes que incluye el calendario escolar del ciclo lectivo 2024 son los siguientes:<\/strong><\/p>\n\n\n\n<ul>\n<li>&nbsp;2 de febrero: Acto de presentaci\u00f3n de los lineamientos pol\u00edticos y pedag\u00f3gicos a cargo del director general de Escuelas y su equipo de trabajo.<\/li>\n\n\n\n<li>5 y 6 de febrero se deber\u00e1n presentar en las instituciones los directores y tambi\u00e9n se desarrollar\u00e1n las jornadas directivas.<\/li>\n\n\n\n<li>14 de febrero se inicir\u00e1n las clases con los estudiantes que han registrado necesidades de fortalecimiento pedag\u00f3gico, y los ingresantes a primer a\u00f1o de las escuelas secundarias.<\/li>\n\n\n\n<li>18 de diciembre de 2024 finalizar\u00e1n las actividades docentes, tanto de titulares como de suplentes y titulares no jer\u00e1rquicos.20 de diciembre: finalizar\u00e1n las actividades los directores.<\/li>\n\n\n\n<li>23 de diciembre finalizar\u00e1n las actividades los supervisores.<\/li>\n<\/ul>\n\n\n\n<p>FUENTE: Diariouno.com.ar <\/p>\n\n\n\n<p><\/p>\n","protected":false},"excerpt":{"rendered":"<p>Los ministros de Educaci\u00f3n de las 24 jurisdicciones argentinas, reunidos en el Consejo Federal de Educaci\u00f3n (CFE)\u00a0se comprometieron a cumplir los 190 dias de clases Tadeo Garc\u00eda Zalazar, ministro de Educaci\u00f3n, Cultura e Infancias de la provincia, fue de la partida y garantiz\u00f3 que en Mendoza se cumplir\u00e1 la meta de los 190 d\u00edas de [&hellip;]<\/p>\n","protected":false},"author":2,"featured_media":4472,"comment_status":"open","ping_status":"open","sticky":true,"template":"","format":"standard","meta":[],"categories":[47],"tags":[],"_links":{"self":[{"href":"https:\/\/pasaenmendoza.com\/index.php?rest_route=\/wp\/v2\/posts\/4471"}],"collection":[{"href":"https:\/\/pasaenmendoza.com\/index.php?rest_route=\/wp\/v2\/posts"}],"about":[{"href":"https:\/\/pasaenmendoza.com\/index.php?rest_route=\/wp\/v2\/types\/post"}],"author":[{"embeddable":true,"href":"https:\/\/pasaenmendoza.com\/index.php?rest_route=\/wp\/v2\/users\/2"}],"replies":[{"embeddable":true,"href":"https:\/\/pasaenmendoza.com\/index.php?rest_route=%2Fwp%2Fv2%2Fcomments&post=4471"}],"version-history":[{"count":1,"href":"https:\/\/pasaenmendoza.com\/index.php?rest_route=\/wp\/v2\/posts\/4471\/revisions"}],"predecessor-version":[{"id":4473,"href":"https:\/\/pasaenmendoza.com\/index.php?rest_route=\/wp\/v2\/posts\/4471\/revisions\/4473"}],"wp:featuredmedia":[{"embeddable":true,"href":"https:\/\/pasaenmendoza.com\/index.php?rest_route=\/wp\/v2\/media\/4472"}],"wp:attachment":[{"href":"https:\/\/pasaenmendoza.com\/index.php?rest_route=%2Fwp%2Fv2%2Fmedia&parent=4471"}],"wp:term":[{"taxonomy":"category","embeddable":true,"href":"https:\/\/pasaenmendoza.com\/index.php?rest_route=%2Fwp%2Fv2%2Fcategories&post=4471"},{"taxonomy":"post_tag","embeddable":true,"href":"https:\/\/pasaenmendoza.com\/index.php?rest_route=%2Fwp%2Fv2%2Ftags&post=4471"}],"curies":[{"name":"wp","href":"https:\/\/api.w.org\/{rel}","templated":true}]}}