{"id":4480,"date":"2024-01-11T13:37:15","date_gmt":"2024-01-11T12:37:15","guid":{"rendered":"https:\/\/pasaenmendoza.com\/?p=4480"},"modified":"2024-01-11T13:37:17","modified_gmt":"2024-01-11T12:37:17","slug":"robaron-en-un-local-de-la-vene-de-ciudad","status":"publish","type":"post","link":"https:\/\/pasaenmendoza.com\/?p=4480","title":{"rendered":"Robaron en un local de &#8220;La Vene&#8221; de Ciudad"},"content":{"rendered":"\n<p>En horas de la madrugada, el&nbsp;<strong>local de &#8220;La Vene&#8221;<\/strong>, ubicado en la calle Pellegrini y Mitre de la Ciudad de Mendoza, fue&nbsp;<strong>asaltado<\/strong>&nbsp;por delincuentes.<\/p>\n\n\n\n<p>A primera hora de la ma\u00f1ana, empleados notaron que la vidriera del lugar estaba totalmente destruida y que hab\u00edan robado elementos de valor y m\u00e1quinas.<\/p>\n\n\n\n<p>Seg\u00fan las primeras informaciones que llegan desde el lugar, rompieron el vidrio y robaron un microondas, una balanza y mercader\u00eda como gaseosas, entre otras cosas.<\/p>\n\n\n\n<p>Efectivos en la zona aseguraron que en el vidrio hab\u00eda sangre, por lo que alguien se habr\u00eda cortado al ingresar al local.<\/p>\n\n\n\n<p>El hecho ocurri\u00f3 en una concurrida zona de la Ciudad, a metros del parque central y con varios edificios en frente.\u00a0<\/p>\n\n\n\n<p><strong>Fuente: www.mendozapost.com<\/strong><\/p>\n","protected":false},"excerpt":{"rendered":"<p>En horas de la madrugada, el&nbsp;local de &#8220;La Vene&#8221;, ubicado en la calle Pellegrini y Mitre de la Ciudad de Mendoza, fue&nbsp;asaltado&nbsp;por delincuentes. A primera hora de la ma\u00f1ana, empleados notaron que la vidriera del lugar estaba totalmente destruida y que hab\u00edan robado elementos de valor y m\u00e1quinas. Seg\u00fan las primeras informaciones que llegan desde [&hellip;]<\/p>\n","protected":false},"author":2,"featured_media":4481,"comment_status":"open","ping_status":"open","sticky":false,"template":"","format":"standard","meta":[],"categories":[48],"tags":[],"_links":{"self":[{"href":"https:\/\/pasaenmendoza.com\/index.php?rest_route=\/wp\/v2\/posts\/4480"}],"collection":[{"href":"https:\/\/pasaenmendoza.com\/index.php?rest_route=\/wp\/v2\/posts"}],"about":[{"href":"https:\/\/pasaenmendoza.com\/index.php?rest_route=\/wp\/v2\/types\/post"}],"author":[{"embeddable":true,"href":"https:\/\/pasaenmendoza.com\/index.php?rest_route=\/wp\/v2\/users\/2"}],"replies":[{"embeddable":true,"href":"https:\/\/pasaenmendoza.com\/index.php?rest_route=%2Fwp%2Fv2%2Fcomments&post=4480"}],"version-history":[{"count":1,"href":"https:\/\/pasaenmendoza.com\/index.php?rest_route=\/wp\/v2\/posts\/4480\/revisions"}],"predecessor-version":[{"id":4482,"href":"https:\/\/pasaenmendoza.com\/index.php?rest_route=\/wp\/v2\/posts\/4480\/revisions\/4482"}],"wp:featuredmedia":[{"embeddable":true,"href":"https:\/\/pasaenmendoza.com\/index.php?rest_route=\/wp\/v2\/media\/4481"}],"wp:attachment":[{"href":"https:\/\/pasaenmendoza.com\/index.php?rest_route=%2Fwp%2Fv2%2Fmedia&parent=4480"}],"wp:term":[{"taxonomy":"category","embeddable":true,"href":"https:\/\/pasaenmendoza.com\/index.php?rest_route=%2Fwp%2Fv2%2Fcategories&post=4480"},{"taxonomy":"post_tag","embeddable":true,"href":"https:\/\/pasaenmendoza.com\/index.php?rest_route=%2Fwp%2Fv2%2Ftags&post=4480"}],"curies":[{"name":"wp","href":"https:\/\/api.w.org\/{rel}","templated":true}]}}