{"id":4483,"date":"2024-01-11T13:41:44","date_gmt":"2024-01-11T12:41:44","guid":{"rendered":"https:\/\/pasaenmendoza.com\/?p=4483"},"modified":"2024-01-11T13:41:45","modified_gmt":"2024-01-11T12:41:45","slug":"un-joven-ciclista-lucha-por-su-vida-luego-de-ser-embestido-por-una-camioneta-en-las-heras","status":"publish","type":"post","link":"https:\/\/pasaenmendoza.com\/?p=4483","title":{"rendered":"Un joven ciclista lucha por su vida luego de ser embestido por una camioneta en Las Heras"},"content":{"rendered":"\n<p>Un ciclista qued\u00f3 en estado cr\u00edtico despu\u00e9s ser embestido por una camioneta la tarde de este mi\u00e9rcoles en&nbsp;<strong>Las Heras<\/strong>. El joven, llamado&nbsp;<strong>Axel Ger\u00f3nimo Rivas Castro<\/strong>, tiene 23 a\u00f1os y qued\u00f3 internado en el&nbsp;<strong>Hospital Central<\/strong>&nbsp;con severas lesiones en el cr\u00e1neo.<\/p>\n\n\n\n<p>Fuentes policiales se\u00f1alaron que fue minutos antes de las 16 cuando una&nbsp;<strong>Ford Ranger&nbsp;<\/strong>circulaba por calle Lavalle, en la zona de&nbsp;<strong>El Borboll\u00f3n<\/strong>, en direcci\u00f3n al este.<\/p>\n\n\n\n<p>Cerca de la intersecci\u00f3n con\u00a0<strong>calle Paso Hondo<\/strong>,\u00a0<mark>el conductor de la camioneta, de 32 a\u00f1os, intent\u00f3 sobrepasar algunos veh\u00edculos, pero al no lograrlo regres\u00f3 bruscamente a su carril<\/mark>, relataron testigos del hecho.<\/p>\n\n\n\n<p>Fue en ese instante, cuando el rodado impact\u00f3 con fuerza al joven ciclista, quien circulaba en la misma direcci\u00f3n, surge de las averiguaciones practicadas en la escena.<\/p>\n\n\n\n<p>Rivas Castro fue r\u00e1pidamente asistido por personal del<strong>&nbsp;Servicio de Emergencias Coordinado<\/strong>&nbsp;(<strong>SEC<\/strong>) y&nbsp;<mark>le diagnosticaron fractura de cr\u00e1neo con p\u00e9rdida de masa encef\u00e1lica y politraumatismos varios<\/mark>, motivo por el que fue trasladado al mencionado centro asistencial de Ciudad.<\/p>\n\n\n\n<p>En tanto, el hombre al mando de la camioneta fue demorado y qued\u00f3 a disposici\u00f3n de la\u00a0<strong>Unidad Fiscal de Tr\u00e1nsito<\/strong>.<\/p>\n\n\n\n<p><strong>Fuente: www.elsol.com.ar<\/strong><\/p>\n","protected":false},"excerpt":{"rendered":"<p>Un ciclista qued\u00f3 en estado cr\u00edtico despu\u00e9s ser embestido por una camioneta la tarde de este mi\u00e9rcoles en&nbsp;Las Heras. El joven, llamado&nbsp;Axel Ger\u00f3nimo Rivas Castro, tiene 23 a\u00f1os y qued\u00f3 internado en el&nbsp;Hospital Central&nbsp;con severas lesiones en el cr\u00e1neo. Fuentes policiales se\u00f1alaron que fue minutos antes de las 16 cuando una&nbsp;Ford Ranger&nbsp;circulaba por calle Lavalle, [&hellip;]<\/p>\n","protected":false},"author":2,"featured_media":4484,"comment_status":"open","ping_status":"open","sticky":false,"template":"","format":"standard","meta":[],"categories":[48],"tags":[],"_links":{"self":[{"href":"https:\/\/pasaenmendoza.com\/index.php?rest_route=\/wp\/v2\/posts\/4483"}],"collection":[{"href":"https:\/\/pasaenmendoza.com\/index.php?rest_route=\/wp\/v2\/posts"}],"about":[{"href":"https:\/\/pasaenmendoza.com\/index.php?rest_route=\/wp\/v2\/types\/post"}],"author":[{"embeddable":true,"href":"https:\/\/pasaenmendoza.com\/index.php?rest_route=\/wp\/v2\/users\/2"}],"replies":[{"embeddable":true,"href":"https:\/\/pasaenmendoza.com\/index.php?rest_route=%2Fwp%2Fv2%2Fcomments&post=4483"}],"version-history":[{"count":1,"href":"https:\/\/pasaenmendoza.com\/index.php?rest_route=\/wp\/v2\/posts\/4483\/revisions"}],"predecessor-version":[{"id":4485,"href":"https:\/\/pasaenmendoza.com\/index.php?rest_route=\/wp\/v2\/posts\/4483\/revisions\/4485"}],"wp:featuredmedia":[{"embeddable":true,"href":"https:\/\/pasaenmendoza.com\/index.php?rest_route=\/wp\/v2\/media\/4484"}],"wp:attachment":[{"href":"https:\/\/pasaenmendoza.com\/index.php?rest_route=%2Fwp%2Fv2%2Fmedia&parent=4483"}],"wp:term":[{"taxonomy":"category","embeddable":true,"href":"https:\/\/pasaenmendoza.com\/index.php?rest_route=%2Fwp%2Fv2%2Fcategories&post=4483"},{"taxonomy":"post_tag","embeddable":true,"href":"https:\/\/pasaenmendoza.com\/index.php?rest_route=%2Fwp%2Fv2%2Ftags&post=4483"}],"curies":[{"name":"wp","href":"https:\/\/api.w.org\/{rel}","templated":true}]}}