{"id":4486,"date":"2024-01-11T14:04:05","date_gmt":"2024-01-11T13:04:05","guid":{"rendered":"https:\/\/pasaenmendoza.com\/?p=4486"},"modified":"2024-01-11T14:04:06","modified_gmt":"2024-01-11T13:04:06","slug":"el-juez-sarmiento-resolvio-que-los-presos-de-mendoza-no-podran-tener-mas-celulares-en-las-carceles","status":"publish","type":"post","link":"https:\/\/pasaenmendoza.com\/?p=4486","title":{"rendered":"El juez Sarmiento resolvi\u00f3 que los presos de Mendoza no podr\u00e1n tener m\u00e1s celulares en las c\u00e1rceles"},"content":{"rendered":"\n<p>El\u00a0<strong>juez Sebasti\u00e1n Sarmiento resolvi\u00f3<\/strong>\u00a0en la tarde de este mi\u00e9rcoles que\u00a0<strong>los presos no podr\u00e1n tener m\u00e1s celulares dentro de las\u00a0c\u00e1rceles de Mendoza<\/strong>, debido a que finaliz\u00f3 la emergencia sanitaria que lo permiti\u00f3 en el 2020 por la pandemia de coronavirus.<\/p>\n\n\n\n<p>La \u00fanica excepci\u00f3n en su resoluci\u00f3n fue el caso de<strong>&nbsp;las mujeres privadas de su libertad, quienes podr\u00e1n seguir con celular<\/strong>&nbsp;dentro de los penales para comunicarse con sus hijos.<\/p>\n\n\n\n<p>El planteo surgi\u00f3 a fines del 2023 cuando el 31 de diciembre se terminaba el&nbsp;<strong>decreto del ex presidente Alberto Fern\u00e1ndez&nbsp;<\/strong>sobre la tenencia autorizada de celulares dentro de los penales&nbsp;<strong>debido a la pandemia y el aislamiento social obligatorio<\/strong>, por lo cual los internos no pod\u00edan recibir visitas.<\/p>\n\n\n\n<p>Ante esto, el juez Sarmiento emiti\u00f3 el primer d\u00eda de este 2024 una pr\u00f3rroga por 10 d\u00edas y convoc\u00f3 a una audiencia con diferentes actores sobre el tema quienes expusieron su posici\u00f3n. Solo\u00a0<strong>el Ministerio P\u00fablico Fiscal y el Servicio Penitenciario se opusieron a la continuidad del beneficio\u00a0<\/strong>e indicaron que ten\u00eda que volver a aplicarse la ley vigente.<\/p>\n\n\n\n<p>En la tarde de este mi\u00e9rcoles el juez Sebasti\u00e1n Sarmiento dio su veredicto final. &#8220;<strong>Rechazar la solicitud planteada<\/strong>&nbsp;por los Defensores y Defensoras Oficiales de la provincia de Mendoza, Procurador de las Personas Privadas de Libertad y la Direcci\u00f3n de Derechos Humanos de la Suprema Corte de Justicia de la Provincia de Mendoza, y disponer la finalizaci\u00f3n de la autorizaci\u00f3n&nbsp;<strong>para la utilizaci\u00f3n de telefon\u00eda m\u00f3vil de las personas privadas de libertad en los contextos carcelarios<\/strong>&nbsp;de la provincia de Mendoza&#8221;.<\/p>\n\n\n\n<p>&#8220;La resoluci\u00f3n se centra en que la situaci\u00f3n de emergencia sanitaria por pandemia claramente ya no existe. Si bien hay una declaraci\u00f3n de emergencia p\u00fablica, esa tiene otros argumentos, otras fundamentaciones que tienen que ver con una cuesti\u00f3n presupuestaria y de financiamiento.<strong>&nbsp;Ya la situaci\u00f3n de pandemia o sanitaria no est\u00e1.&nbsp;<\/strong>Adem\u00e1s, la pandemia como emergencia tambi\u00e9n fue levantada por la Organizaci\u00f3n Mundial de la Salud&#8221;, expres\u00f3 a Diario UNO el magistrado.<\/p>\n\n\n\n<h2 class=\"wp-block-heading\">Las mujeres podr\u00e1n tener celular en la c\u00e1rcel<\/h2>\n\n\n\n<p>En su resoluci\u00f3n, el juez Sarmiento indic\u00f3: &#8220;Hacer lugar parcialmente a la solicitud de la Procuraci\u00f3n de Personas privadas de la libertad, y mantener&nbsp;<strong>la autorizaci\u00f3n excepcional para la utilizaci\u00f3n de telefon\u00eda m\u00f3vil en los centros de detenci\u00f3n que se encuentren alojadas mujeres&nbsp;<\/strong>hasta tanto se adec\u00faen las normas reglamentarias a los par\u00e1metros establecidos en la Convenci\u00f3n sobre la Eliminaci\u00f3n de Todas las Formas de Discriminaci\u00f3n contra la Mujer (CEDAW) y la Convenci\u00f3n Interamericana para Prevenir, Sancionar y Erradicar la Violencia contra la Mujer (Convenci\u00f3n de Bel\u00e9m do Par\u00e1) y se cumplan con las condiciones dispuestas en el punto siguiente&#8221;.<\/p>\n\n\n\n<figure class=\"wp-block-image\"><img decoding=\"async\" src=\"https:\/\/media.diariouno.com.ar\/p\/0cc030b53477eb2812db5e82beea267c\/adjuntos\/298\/imagenes\/008\/963\/0008963860\/1200x0\/smart\/carcel-de-mujeres-el-borbollon-mendozajpg.jpg\" alt=\"Las mujeres recluidas en el penal de El Borboll&oacute;n ser&aacute;n las &uacute;nicas autorizadas a tener celulares en su poder.\" title=\"Las mujeres recluidas en el penal de El Borboll&oacute;n ser&aacute;n las &uacute;nicas autorizadas a tener celulares en su poder.\"\/><\/figure>\n\n\n\n<p>Las mujeres recluidas en el penal de El Borboll\u00f3n ser\u00e1n las \u00fanicas autorizadas a tener celulares en su poder.<\/p>\n\n\n\n<p>Al respecto, el magistrado se\u00f1al\u00f3: &#8220;El \u00fanico universo que qued\u00f3 en protecci\u00f3n fue el de las mujeres detenidas porque los par\u00e1metros que se tienen que tener en cuenta son mucho m\u00e1s amplios, con una mirada mucho m\u00e1s reforzada respecto\u00a0<strong>al cumplimiento de sus derechos y adem\u00e1s tiene consideraci\u00f3n el rol<\/strong>&#8220;.<\/p>\n\n\n\n<p>&#8220;<strong>La gran mayor\u00eda son madres y hay poco contacto con sus hijos<\/strong>, el sistema de telefon\u00eda p\u00fablica no cumple esos par\u00e1metros, muchas veces las mandan a encierro y no alcanzan a llamar a sus hijos luego que vuelan a la escuela o cuando est\u00e1n enfermos o cualquier otras circunstancias, por lo cual&nbsp;<strong>hay una situaci\u00f3n de desventaja que debe ser reparada.<\/strong>&nbsp;Hasta tanto, no se reglamente o no tengan en consideraci\u00f3n esos aspectos, en el caso de ellas van a seguir usando el tel\u00e9fono&#8221;, concluy\u00f3<\/p>\n\n\n\n<h2 class=\"wp-block-heading\">El proceso para retirar los celulares de las c\u00e1rceles de Mendoza<\/h2>\n\n\n\n<p>Actualmente est\u00e1n autorizados&nbsp;<strong>4.224 celulares que est\u00e1n en manos de presos en los diferentes penales de la provincia<\/strong>, los cuales ingresaron por la emergencia sanitaria por la pandemia desde su comienzo en el 2020.<\/p>\n\n\n\n<p>Para Sarmiento, adem\u00e1s de finalizada la emergencia, indic\u00f3: &#8220;Consider\u00e9 que la reforma estructural de la situaci\u00f3n&nbsp;<strong>se tiene que resolver a trav\u00e9s de una v\u00eda legislativa<\/strong>, una discusi\u00f3n mucho m\u00e1s leg\u00edtima a partir de los representantes de la<strong>&nbsp;Legislatura o el Poder Ejecutivo<\/strong>, y ya no por la v\u00eda judicial, que es una&nbsp;<strong>v\u00eda excepcional<\/strong>&nbsp;y que intervino en una situaci\u00f3n excepcional&#8221;.<\/p>\n\n\n\n<p>Pero para llevar adelante este fallo, dio par\u00e1metros de c\u00f3mo debe realizar el Servicio Penitenciario la retirada de celulares: &#8220;<strong>Fijar una periodicidad del r\u00e9gimen de visitas de familiares y allegados&nbsp;<\/strong>en los establecimientos penales,&nbsp;<strong>con una frecuencia semanal como m\u00ednimo<\/strong>&#8220;, ya que hasta este momento las visitas se dan cada 15 d\u00edas, debido a que estaban comunicados con sus familiares y allegados a trav\u00e9s del tel\u00e9fono.<\/p>\n\n\n\n<figure class=\"wp-block-image\"><img decoding=\"async\" src=\"https:\/\/media.diariouno.com.ar\/p\/8d4e1b75678cc70b04596720df907d5b\/adjuntos\/298\/imagenes\/009\/022\/0009022176\/1200x0\/smart\/presos-celulares1jpg.jpg\" alt=\"La tenencia de celulares en las c&aacute;rceles de Mendoza se autoriz&oacute; durante la pandemia de coronavirus.\" title=\"La tenencia de celulares en las c&aacute;rceles de Mendoza se autoriz&oacute; durante la pandemia de coronavirus.\"\/><\/figure>\n\n\n\n<p>La tenencia de celulares en las c\u00e1rceles de Mendoza se autoriz\u00f3 durante la pandemia de coronavirus.<\/p>\n\n\n\n<p>&#8220;El retiro de los equipos m\u00f3viles deber\u00e1 realizarse&nbsp;<strong>de manera gradual en un plazo no inferior a los seis meses<\/strong>, estableciendo un mecanismo de trazabilidad y seguimiento adecuado para permitir a los familiares de las personas privadas de la libertad&nbsp;<strong>retirar dichos equipos del \u00e1mbito penitenciario<\/strong>&#8220;, es otro de los puntos planteados por el juez penal.<\/p>\n\n\n\n<p>Adem\u00e1s, el Servicio Penitenciario debe &#8220;<strong>notificar con una anticipaci\u00f3n no inferior a 30 d\u00edas a las personas detenidas<\/strong>&nbsp;de los sectores de alojamiento en el que se proceder\u00e1 al retiro de los equipos&#8221;.<\/p>\n\n\n\n<p>Debido a que los tel\u00e9fonos p\u00fablicos o semip\u00fablicos ya casi no existen, Sarmiento indic\u00f3: &#8220;Solo podr\u00e1 disponer el retiro de los equipos telef\u00f3nicos celulares&nbsp;<strong>en los sectores de alojamiento donde se encuentre instalado y en condiciones operativas un sistema de telefon\u00eda p\u00fablica<\/strong>&nbsp;debiendo garantizar al menos un equipo por cada pabell\u00f3n, ala, o sector de cada establecimiento carcelario&#8221;.<\/p>\n\n\n\n<p>En este sentido, agreg\u00f3: &#8220;Instalar en cada establecimiento carcelario de manera complementaria a los sistemas de telefon\u00eda p\u00fablica,\u00a0<strong>equipos para videollamadas, videoconferencia y\/o plataformas de comunicaci\u00f3n<\/strong>, destinadas para el contacto en situaciones de emergencia familiar y el contacto de los detenidos con sus defensores y asesores jur\u00eddicos,\u00a0<strong>en una proporci\u00f3n m\u00ednima de un equipo cada doscientas personas detenidas<\/strong>&#8220;.<\/p>\n\n\n\n<p><strong>Fuente: www.diariouno.com.ar<\/strong><\/p>\n\n\n\n<p><a rel=\"noreferrer noopener\" href=\"https:\/\/www.facebook.com\/dialog\/feed?app_id=161316767303985&amp;link=https%3A%2F%2Fwww.diariouno.com.ar%2Fjudiciales%2Fel-juez-sarmiento-resolvio-que-los-presos-mendoza-no-podran-tener-mas-celulares-la-carcel-n1276543&amp;name=El+juez+Sarmiento+resolvi%C3%B3+que+los+presos+de+Mendoza+no+podr%C3%A1n+tener+m%C3%A1s+celulares+en+las+c%C3%A1rceles&amp;caption=C%C3%A1rceles+de+Mendoza&amp;description=Las+%C3%BAnicas+que+seguir%C3%A1n+con+dicho+beneficio+son+las+mujeres+debido+a+que+no+tienen+la+facilidad+para+comunicarse+con+sus+hijos.+El+magistrado+dispuso+que+la+retirada+de+los+celulares+sea+progresiva&amp;redirect_uri=https%3A%2F%2Fwww.diariouno.com.ar%2Fjudiciales%2Fel-juez-sarmiento-resolvio-que-los-presos-mendoza-no-podran-tener-mas-celulares-la-carcel-n1276543\" target=\"_blank\"><\/a><\/p>\n\n\n\n<p><a rel=\"noreferrer noopener\" href=\"https:\/\/twitter.com\/intent\/tweet?url=https%3A%2F%2Fwww.diariouno.com.ar%2Fc1276543&amp;related=diariouno&amp;text=El+juez+Sarmiento+resolvi%C3%B3+que+los+presos+de+Mendoza+no+podr%C3%A1n+tener+m%C3%A1s+celulares+en+las+c%C3%A1rceles&amp;via=diariouno\" target=\"_blank\"><\/a><\/p>\n\n\n\n<p><a href=\"mailto:?body=https%3A%2F%2Fwww.diariouno.com.ar%2Fjudiciales%2Fel-juez-sarmiento-resolvio-que-los-presos-mendoza-no-podran-tener-mas-celulares-la-carcel-n1276543&amp;subject=%E2%80%9CEl%20juez%20Sarmiento%20resolvi%C3%B3%20que%20los%20presos%20de%20Mendoza%20no%20podr%C3%A1n%20tener%20m%C3%A1s%20celulares%20en%20las%20c%C3%A1rceles%E2%80%9D\"><\/a><\/p>\n","protected":false},"excerpt":{"rendered":"<p>El\u00a0juez Sebasti\u00e1n Sarmiento resolvi\u00f3\u00a0en la tarde de este mi\u00e9rcoles que\u00a0los presos no podr\u00e1n tener m\u00e1s celulares dentro de las\u00a0c\u00e1rceles de Mendoza, debido a que finaliz\u00f3 la emergencia sanitaria que lo permiti\u00f3 en el 2020 por la pandemia de coronavirus. La \u00fanica excepci\u00f3n en su resoluci\u00f3n fue el caso de&nbsp;las mujeres privadas de su libertad, quienes [&hellip;]<\/p>\n","protected":false},"author":2,"featured_media":4487,"comment_status":"open","ping_status":"open","sticky":false,"template":"","format":"standard","meta":[],"categories":[51],"tags":[],"_links":{"self":[{"href":"https:\/\/pasaenmendoza.com\/index.php?rest_route=\/wp\/v2\/posts\/4486"}],"collection":[{"href":"https:\/\/pasaenmendoza.com\/index.php?rest_route=\/wp\/v2\/posts"}],"about":[{"href":"https:\/\/pasaenmendoza.com\/index.php?rest_route=\/wp\/v2\/types\/post"}],"author":[{"embeddable":true,"href":"https:\/\/pasaenmendoza.com\/index.php?rest_route=\/wp\/v2\/users\/2"}],"replies":[{"embeddable":true,"href":"https:\/\/pasaenmendoza.com\/index.php?rest_route=%2Fwp%2Fv2%2Fcomments&post=4486"}],"version-history":[{"count":1,"href":"https:\/\/pasaenmendoza.com\/index.php?rest_route=\/wp\/v2\/posts\/4486\/revisions"}],"predecessor-version":[{"id":4488,"href":"https:\/\/pasaenmendoza.com\/index.php?rest_route=\/wp\/v2\/posts\/4486\/revisions\/4488"}],"wp:featuredmedia":[{"embeddable":true,"href":"https:\/\/pasaenmendoza.com\/index.php?rest_route=\/wp\/v2\/media\/4487"}],"wp:attachment":[{"href":"https:\/\/pasaenmendoza.com\/index.php?rest_route=%2Fwp%2Fv2%2Fmedia&parent=4486"}],"wp:term":[{"taxonomy":"category","embeddable":true,"href":"https:\/\/pasaenmendoza.com\/index.php?rest_route=%2Fwp%2Fv2%2Fcategories&post=4486"},{"taxonomy":"post_tag","embeddable":true,"href":"https:\/\/pasaenmendoza.com\/index.php?rest_route=%2Fwp%2Fv2%2Ftags&post=4486"}],"curies":[{"name":"wp","href":"https:\/\/api.w.org\/{rel}","templated":true}]}}