{"id":4498,"date":"2024-01-12T13:19:08","date_gmt":"2024-01-12T12:19:08","guid":{"rendered":"https:\/\/pasaenmendoza.com\/?p=4498"},"modified":"2024-01-12T13:19:09","modified_gmt":"2024-01-12T12:19:09","slug":"la-inflacion-llego-al-255-en-el-primer-mes-de-gestion-de-milei-y-en-mendoza-fue-mas-baja","status":"publish","type":"post","link":"https:\/\/pasaenmendoza.com\/?p=4498","title":{"rendered":"La inflaci\u00f3n lleg\u00f3 al 25,5% en el primer mes de gesti\u00f3n de Milei y en Mendoza fue m\u00e1s baja"},"content":{"rendered":"\n<p><strong>La inflaci\u00f3n en Argentina<\/strong>\u00a0durante diciembre fue\u00a0un poco menos de lo se esperaba,\u00a0ya que no lleg\u00f3 al 30% como se esperaba y fue del 25,5%. De todos modos fue la m\u00e1s alta de los \u00faltimos 30 a\u00f1os.<\/p>\n\n\n\n<p>Este \u00faltimo mes del a\u00f1o pasado marc\u00f3 el inicio de la gesti\u00f3n de Javier Milei -asumi\u00f3 el 10- que comenz\u00f3 con una fuerte devaluaci\u00f3n que impact\u00f3 notoriamente en los precios.<\/p>\n\n\n\n<p>La informaci\u00f3n dada a conocer este jueves por el\u00a0<strong>INDEC\u00a0<\/strong>(Instituto Nacional de Estad\u00edstica y Censos) revel\u00f3 que la inflaci\u00f3n anual de todo 2023 alcanz\u00f3 el 211,4%. En Mendoza, la\u00a0<strong>DEIE\u00a0<\/strong>(Direcci\u00f3n de Estad\u00edsticas e Investigaciones Econ\u00f3micas) detall\u00f3 que el costo de vida en diciembre se increment\u00f3 el 25,3% y en el a\u00f1o fue del 216,5%.<\/p>\n\n\n\n<h2 class=\"wp-block-heading\">Milei hab\u00eda dicho que si la inflaci\u00f3n era del 30% iba a ser un &#8220;numerazo&#8221;<\/h2>\n\n\n\n<p>D\u00edas atr\u00e1s el Presidente&nbsp;<strong>dijo que si el \u00edndice de inflaci\u00f3n de diciembre es del 30% &#8220;es un numerazo, un logro fenomenal&nbsp;<\/strong>y hay que sacarlo a pasear en andas a (el ministro de Econom\u00eda, Luis) Caputo&#8221;.<\/p>\n\n\n\n<p>Tras su regreso de la Ant\u00e1rtida,&nbsp;<strong>Milei resalt\u00f3 el n\u00famero del 30% por la Argentina &#8220;ven\u00eda&#8221; para una inflaci\u00f3n del 45%. &#8220;Si lo metemos en 30 es un logro fenomenal, abatimos un tercio en un mes&#8221;<\/strong>, asegur\u00f3.<\/p>\n\n\n\n<p>De todos modos, el \u00edndice duplica pr\u00e1cticamente al 12,8% de noviembre.<\/p>\n\n\n\n<p>Las principales subas se registraron en los rubros&nbsp;<strong>Bienes y Servicios,<\/strong>&nbsp;con una variaci\u00f3n del 32,7%;&nbsp;<strong>Salud<\/strong>, con 32,6%, y Transporte, con 31,7.<\/p>\n\n\n\n<p>En tanto,&nbsp;<strong>Alimentos y Bebidas no Alcoh\u00f3licas&nbsp;<\/strong>experiment\u00f3 un aumento del 29,7%, superior al promedio de la suba del costo de vida durante el per\u00edodo pasado.<\/p>\n\n\n\n<p>Diciembre fue un mes marcado por una brusca devaluaci\u00f3n resuelta por Gobierno apenas asumi\u00f3 Milei como jefe de Estado, sumada a un plan de desregulaci\u00f3n de la econom\u00eda que condujo a una marcada aceleraci\u00f3n de los precios de los combustibles, el transporte, la salud (medicina prepaga) y de las canastas b\u00e1sicas y de alimentos en general.<\/p>\n\n\n\n<p><strong>&#8220;El \u00edndice de la inflaci\u00f3n&nbsp;<\/strong>(que se conoci\u00f3 este jueves)<strong>&nbsp;no es responsabilidad del Gobierno de Milei, es de arrastre&#8221;,&nbsp;<\/strong>dijo el ministro del Interior, Guillermo Francos.<\/p>\n\n\n\n<p>&#8220;Cuando el presidente Milei asumi\u00f3, la inflaci\u00f3n estaba volando al 1% diario&#8221;, acot\u00f3 durante una entrevista televisiva.<\/p>\n\n\n\n<p><strong>&#8220;El peor impuesto es la inflaci\u00f3n, peor que eso es la hiperinflaci\u00f3n&#8221;,\u00a0<\/strong>dijo, y consider\u00f3 que &#8220;la gente entiende que las medidas que se tomaron fueron para evitar eso y que van a ser duras&#8221;.<\/p>\n\n\n\n<h2 class=\"wp-block-heading\">Lo que m\u00e1s aument\u00f3 en Mendoza fue el rubro salud<\/h2>\n\n\n\n<p>Con el 35,9% de incremento el rubro&nbsp;<strong>Atenci\u00f3n M\u00e9dica y Gastos para la Salud<\/strong>&nbsp;fue el que m\u00e1s aument\u00f3 en Mendoza de acuerdo con la informaci\u00f3n que dio a conocer este jueves la DEIE.<\/p>\n\n\n\n<p>Adem\u00e1s estuvieron por encima de la inflaci\u00f3n&nbsp;<strong>Transporte y Comunicaciones,<\/strong>&nbsp;que lleg\u00f3 al 30,6% y Educaci\u00f3n con el 30,3%. Luego se ubicaron Otros Bienes y Servicios, con 28,9% y Alimentos y Bebidas con 27%.<\/p>\n\n\n\n<p>El que menos subi\u00f3 fue&nbsp;<strong>Vivienda y Servicios B\u00e1sicos&nbsp;<\/strong>(9,5%) y cerca estuvo&nbsp;<strong>Indumentaria<\/strong>, con 12,2%.<\/p>\n\n\n\n<figure class=\"wp-block-image\"><img decoding=\"async\" src=\"https:\/\/media.diariouno.com.ar\/p\/a9c7f9c1d66afc591b0adfa3e9314889\/adjuntos\/298\/imagenes\/009\/281\/0009281196\/1200x0\/smart\/inflacion-mendoza-rubro-rubrojpg.jpg\" alt=\"\" title=\"\"\/><\/figure>\n\n\n\n<p><strong>Fuente: www.diariouno.com.ar<\/strong><a rel=\"noreferrer noopener\" href=\"https:\/\/www.facebook.com\/dialog\/feed?app_id=161316767303985&amp;link=https%3A%2F%2Fwww.diariouno.com.ar%2Fla-inflacion-llego-al-255-el-primer-mes-gestion-javier-milei-n1277025&amp;name=La+inflaci%C3%B3n+lleg%C3%B3+al+25%2C5%25+en+el+primer+mes+de+gesti%C3%B3n+de+Milei+y+en+Mendoza+fue+m%C3%A1s+baja&amp;caption=Inflaci%C3%B3n&amp;description=La+inflaci%C3%B3n+registrada+en+diciembre+es+la+m%C3%A1s+alta+de+los+%C3%BAltimos+30+a%C3%B1os.+El+acumulado+de+2023+alcanz%C3%B3+el+211%2C4%25.+En+Mendoza+el+%C3%ADndice+del+%C3%BAltimo+mes+del+a%C3%B1o+fue+del+25%2C3%25+y+el+de+todo+el+a%C3%B1o+del+216%2C5+%25&amp;redirect_uri=https%3A%2F%2Fwww.diariouno.com.ar%2Fla-inflacion-llego-al-255-el-primer-mes-gestion-javier-milei-n1277025\" target=\"_blank\"><\/a><\/p>\n\n\n\n<p><a rel=\"noreferrer noopener\" href=\"https:\/\/twitter.com\/intent\/tweet?url=https%3A%2F%2Fwww.diariouno.com.ar%2Fc1277025&amp;related=diariouno&amp;text=La+inflaci%C3%B3n+lleg%C3%B3+al+25%2C5%25+en+el+primer+mes+de+gesti%C3%B3n+de+Milei+y+en+Mendoza+fue+m%C3%A1s+baja&amp;via=diariouno\" target=\"_blank\"><\/a><\/p>\n\n\n\n<p><a href=\"mailto:?body=https%3A%2F%2Fwww.diariouno.com.ar%2Fla-inflacion-llego-al-255-el-primer-mes-gestion-javier-milei-n1277025&amp;subject=%E2%80%9CLa%20inflaci%C3%B3n%20lleg%C3%B3%20al%2025%2C5%25%20en%20el%20primer%20mes%20de%20gesti%C3%B3n%20de%20Milei%20y%20en%20Mendoza%20fue%20m%C3%A1s%20baja%E2%80%9D\"><\/a><\/p>\n\n\n\n<p><a rel=\"noreferrer noopener\" href=\"https:\/\/api.whatsapp.com\/send?text=%E2%80%9CLa%20inflaci%C3%B3n%20lleg%C3%B3%20al%2025%2C5%25%20en%20el%20primer%20mes%20de%20gesti%C3%B3n%20de%20Milei%20y%20en%20Mendoza%20fue%20m%C3%A1s%20baja%E2%80%9D%20https%3A%2F%2Fwww.diariouno.com.ar%2Fla-inflacion-llego-al-255-el-primer-mes-gestion-javier-milei-n1277025\" target=\"_blank\"><\/a><\/p>\n","protected":false},"excerpt":{"rendered":"<p>La inflaci\u00f3n en Argentina\u00a0durante diciembre fue\u00a0un poco menos de lo se esperaba,\u00a0ya que no lleg\u00f3 al 30% como se esperaba y fue del 25,5%. De todos modos fue la m\u00e1s alta de los \u00faltimos 30 a\u00f1os. Este \u00faltimo mes del a\u00f1o pasado marc\u00f3 el inicio de la gesti\u00f3n de Javier Milei -asumi\u00f3 el 10- que [&hellip;]<\/p>\n","protected":false},"author":2,"featured_media":4499,"comment_status":"open","ping_status":"open","sticky":false,"template":"","format":"standard","meta":[],"categories":[75],"tags":[],"_links":{"self":[{"href":"https:\/\/pasaenmendoza.com\/index.php?rest_route=\/wp\/v2\/posts\/4498"}],"collection":[{"href":"https:\/\/pasaenmendoza.com\/index.php?rest_route=\/wp\/v2\/posts"}],"about":[{"href":"https:\/\/pasaenmendoza.com\/index.php?rest_route=\/wp\/v2\/types\/post"}],"author":[{"embeddable":true,"href":"https:\/\/pasaenmendoza.com\/index.php?rest_route=\/wp\/v2\/users\/2"}],"replies":[{"embeddable":true,"href":"https:\/\/pasaenmendoza.com\/index.php?rest_route=%2Fwp%2Fv2%2Fcomments&post=4498"}],"version-history":[{"count":1,"href":"https:\/\/pasaenmendoza.com\/index.php?rest_route=\/wp\/v2\/posts\/4498\/revisions"}],"predecessor-version":[{"id":4500,"href":"https:\/\/pasaenmendoza.com\/index.php?rest_route=\/wp\/v2\/posts\/4498\/revisions\/4500"}],"wp:featuredmedia":[{"embeddable":true,"href":"https:\/\/pasaenmendoza.com\/index.php?rest_route=\/wp\/v2\/media\/4499"}],"wp:attachment":[{"href":"https:\/\/pasaenmendoza.com\/index.php?rest_route=%2Fwp%2Fv2%2Fmedia&parent=4498"}],"wp:term":[{"taxonomy":"category","embeddable":true,"href":"https:\/\/pasaenmendoza.com\/index.php?rest_route=%2Fwp%2Fv2%2Fcategories&post=4498"},{"taxonomy":"post_tag","embeddable":true,"href":"https:\/\/pasaenmendoza.com\/index.php?rest_route=%2Fwp%2Fv2%2Ftags&post=4498"}],"curies":[{"name":"wp","href":"https:\/\/api.w.org\/{rel}","templated":true}]}}