{"id":4501,"date":"2024-01-12T13:33:37","date_gmt":"2024-01-12T12:33:37","guid":{"rendered":"https:\/\/pasaenmendoza.com\/?p=4501"},"modified":"2024-01-12T13:33:38","modified_gmt":"2024-01-12T12:33:38","slug":"el-conicet-revelo-que-en-2-de-cada-5-hogares-de-mendoza-se-endeudan-para-pagar-el-alquiler","status":"publish","type":"post","link":"https:\/\/pasaenmendoza.com\/?p=4501","title":{"rendered":"El Conicet revel\u00f3 que en 2 de cada 5 hogares de Mendoza se endeudan para pagar el alquiler"},"content":{"rendered":"\n<p>El\u00a0Conicet,\u00a0a trav\u00e9s del<strong>\u00a0Instituto de Ambiente, H\u00e1bitat y Energ\u00eda<\/strong>\u00a0(INAHE), realiz\u00f3 un estudio sobre el crecimiento acelerado de hogares inquilinos a la par del decrecimiento de hogares propietarios.\u00a0En un segundo estudio se conoci\u00f3 que<strong>\u00a02 de cada 5 hogares se endeudan para poder pagar.<\/strong><\/p>\n\n\n\n<p>El instituto dependiente del CONICET realiz\u00f3 un proyecto sobre el<strong>&nbsp;fen\u00f3meno de &#8220;inquilinizaci\u00f3n&#8221;<\/strong>. Los trabajos de campo comenzaron en el 2021, durante la pandemia, con el objetivo de obtener datos sobre la situaci\u00f3n sociohabitacional de la provincia.<\/p>\n\n\n\n<p>Esta primera encuesta arroj\u00f3 que el fen\u00f3meno de inquilinizaci\u00f3n es mayor en los departamentos de&nbsp;<strong>Ciudad<\/strong>,&nbsp;<strong>Godoy Cruz<\/strong>&nbsp;y&nbsp;<strong>Guaymall\u00e9n<\/strong>.<\/p>\n\n\n\n<p>Adem\u00e1s, los personas manifestaron\u00a0<strong>dificultades a la hora de alquilar<\/strong>,\u00a0<strong>dificultad para renovar los contratos<\/strong>\u00a0y\u00a0<strong>desacuerdos con el rol de las inmobiliarias<\/strong>\u00a0y con los\u00a0<strong>due\u00f1os directos<\/strong>.<\/p>\n\n\n\n<p>&#8220;La encuesta fue<strong>&nbsp;declarada de inter\u00e9s por la Legislatura de Mendoza<\/strong>&nbsp;y eso funciona como herramienta de lucha para poner el tema en agenda&#8221; sostuvo Virginia Miranda Gassull, coordinadora del proyecto.<\/p>\n\n\n\n<h2 class=\"wp-block-heading\">Segunda encuesta del INAHE<\/h2>\n\n\n\n<p>En una segunda encuesta, que finaliz\u00f3 el 31 de octubre pasado, los datos preliminares arrojaron que hay un&nbsp;<strong>crecimiento de la poblaci\u00f3n no propietaria principalmente en los departamentos de Ciudad y Godoy Cruz.&nbsp;<\/strong>Este dato confirma el proceso de inquilinizaci\u00f3n en la provincia.<\/p>\n\n\n\n<p>Se observ\u00f3 que el&nbsp;<strong>43% de las personas encuestadas alquila hace m\u00e1s de 10 a\u00f1os<\/strong>. En su gran mayor\u00eda son mujeres de entre 26 a 45 a\u00f1os, jefas de hogar y con trabajo registrado.<\/p>\n\n\n\n<p><strong>Solo el 37% de los hogares consultados manifest\u00f3 que el contrato cumpl\u00eda con la Ley 27.551 de Alquileres<\/strong>. Tambi\u00e9n se observ\u00f3 que gran parte de los alquileres se realizan mediante due\u00f1o directo y no por inmobiliaria.<\/p>\n\n\n\n<p>Con respecto a los valores, los alquileres significan entre uno a dos salarios m\u00ednimo, vital y m\u00f3vil. Por otra parte, de esta<strong>&nbsp;\u00faltima muestra el 35% de las respuestas indic\u00f3 que las personas destinan m\u00e1s del 40% del salario al pago del alquiler.<\/strong><\/p>\n\n\n\n<p>Lo que se sum\u00f3 en esta encuesta es que el&nbsp;<strong>endeudamiento de las familias<\/strong>&nbsp;es alt\u00edsimo, ya que siete de cada diez hogares inquilinos se endeuda por distintas razones. Entre ellas&nbsp;<strong>para pagar servicios<\/strong>&nbsp;o&nbsp;<strong>pagar electrodom\u00e9sticos o tecnolog\u00edas y<\/strong>&nbsp;<strong>dos de cada cinco se endeuda para pagar el alquiler<\/strong>, indic\u00f3 Florencia Ginestar, becaria doctoral e integrante del estudio.<\/p>\n\n\n\n<p>Se tuvo en cuenta tambi\u00e9n el malestar de las personas que alquilan, principalmente el estr\u00e9s, y las respuestas indican que la condici\u00f3n de ser inquilino afecta<strong>&nbsp;la capacidad de ahorro<\/strong>. Esto repercute en la&nbsp;<strong>posibilidad de acceso a una vivienda propia<\/strong>&nbsp;y en las opciones de proyectar a futuro. Adem\u00e1s, m\u00e1s del 65% de los y las encuestadas indic\u00f3 sentirse discriminado o discriminada por tener hijos o hijas, mascotas, por su condici\u00f3n laboral, de g\u00e9nero, entre otras.<\/p>\n\n\n\n<h2 class=\"wp-block-heading\">Alquilar en Mendoza<\/h2>\n\n\n\n<p>En sitios consultadas los alquileres en la provincia de Mendoza son diversos y escasas opciones. Adem\u00e1s, en su mayor\u00eda los precios son en d\u00f3lares.<\/p>\n\n\n\n<p><strong>Primer sitio<\/strong><\/p>\n\n\n\n<ul>\n<li>&nbsp;<strong>412 departamentos<\/strong>: los precios inician en los $85.000 dependiendo zona y antig\u00fcedad del inmueble y llegan a los $3.000.000<\/li>\n\n\n\n<li><strong>201 casas<\/strong>: el alquiler de una casa en Mendoza inicia en los $100. y llegan hasta $1.800.000<\/li>\n<\/ul>\n\n\n\n<p><strong>Segundo sitio<\/strong><\/p>\n\n\n\n<ul>\n<li>&nbsp;<strong>104 departamentos<\/strong>: el que tiene menor costo sale $98.000 y llegan a los $3.000.000<\/li>\n\n\n\n<li><strong>87 casas<\/strong>: la m\u00e1s econ\u00f3mica cuesta $85.000 y la m\u00e1s costosa llega a las 4.500 d\u00f3lares<\/li>\n<\/ul>\n\n\n\n<p><strong>Fuente: www.diariouno.com.ar<\/strong><\/p>\n","protected":false},"excerpt":{"rendered":"<p>El\u00a0Conicet,\u00a0a trav\u00e9s del\u00a0Instituto de Ambiente, H\u00e1bitat y Energ\u00eda\u00a0(INAHE), realiz\u00f3 un estudio sobre el crecimiento acelerado de hogares inquilinos a la par del decrecimiento de hogares propietarios.\u00a0En un segundo estudio se conoci\u00f3 que\u00a02 de cada 5 hogares se endeudan para poder pagar. El instituto dependiente del CONICET realiz\u00f3 un proyecto sobre el&nbsp;fen\u00f3meno de &#8220;inquilinizaci\u00f3n&#8221;. Los trabajos [&hellip;]<\/p>\n","protected":false},"author":2,"featured_media":4502,"comment_status":"open","ping_status":"open","sticky":false,"template":"","format":"standard","meta":[],"categories":[69],"tags":[],"_links":{"self":[{"href":"https:\/\/pasaenmendoza.com\/index.php?rest_route=\/wp\/v2\/posts\/4501"}],"collection":[{"href":"https:\/\/pasaenmendoza.com\/index.php?rest_route=\/wp\/v2\/posts"}],"about":[{"href":"https:\/\/pasaenmendoza.com\/index.php?rest_route=\/wp\/v2\/types\/post"}],"author":[{"embeddable":true,"href":"https:\/\/pasaenmendoza.com\/index.php?rest_route=\/wp\/v2\/users\/2"}],"replies":[{"embeddable":true,"href":"https:\/\/pasaenmendoza.com\/index.php?rest_route=%2Fwp%2Fv2%2Fcomments&post=4501"}],"version-history":[{"count":1,"href":"https:\/\/pasaenmendoza.com\/index.php?rest_route=\/wp\/v2\/posts\/4501\/revisions"}],"predecessor-version":[{"id":4503,"href":"https:\/\/pasaenmendoza.com\/index.php?rest_route=\/wp\/v2\/posts\/4501\/revisions\/4503"}],"wp:featuredmedia":[{"embeddable":true,"href":"https:\/\/pasaenmendoza.com\/index.php?rest_route=\/wp\/v2\/media\/4502"}],"wp:attachment":[{"href":"https:\/\/pasaenmendoza.com\/index.php?rest_route=%2Fwp%2Fv2%2Fmedia&parent=4501"}],"wp:term":[{"taxonomy":"category","embeddable":true,"href":"https:\/\/pasaenmendoza.com\/index.php?rest_route=%2Fwp%2Fv2%2Fcategories&post=4501"},{"taxonomy":"post_tag","embeddable":true,"href":"https:\/\/pasaenmendoza.com\/index.php?rest_route=%2Fwp%2Fv2%2Ftags&post=4501"}],"curies":[{"name":"wp","href":"https:\/\/api.w.org\/{rel}","templated":true}]}}