{"id":4504,"date":"2024-01-12T13:46:50","date_gmt":"2024-01-12T12:46:50","guid":{"rendered":"https:\/\/pasaenmendoza.com\/?p=4504"},"modified":"2024-01-12T13:46:52","modified_gmt":"2024-01-12T12:46:52","slug":"el-gobierno-autorizo-un-nuevo-aumento-del-agua-desde-enero-de-cuanto-sera-y-a-quienes-afecta","status":"publish","type":"post","link":"https:\/\/pasaenmendoza.com\/?p=4504","title":{"rendered":"El Gobierno autoriz\u00f3 un nuevo aumento del agua desde enero: de cu\u00e1nto ser\u00e1 y a qui\u00e9nes afecta"},"content":{"rendered":"\n<p>A trav\u00e9s del Decreto N\u00ba 3282, el gobernador Alfredo Cornejo estableci\u00f3 un incremento del 20% en el servicio de agua que reciben los usuarios a trav\u00e9s de otros operadores y no de Aysam.<\/p>\n\n\n\n<p>El Gobierno de Mendoza estableci\u00f3 un nuevo incremento en el\u00a0<strong>servicio de agua<\/strong>\u00a0<strong>potable<\/strong>\u00a0de un 20% para los usuarios que cuentan con el suministro a trav\u00e9s de otros operadores y no directamente de Aguas Mendocinas SA (Aysam).<\/p>\n\n\n\n<p>A trav\u00e9s del decreto N\u00ba 3282, publicado este viernes en el Bolet\u00edn Oficial, el gobernador Alfredo Cornejo autoriz\u00f3 los valores tarifarios y precios que conforman el Cuadro Tarifario Referencial ampliado correspondiente a Operadores de los Servicios de Agua Potable y Saneamiento de la provincia.<\/p>\n\n\n\n<p>El incremento tarifario se aplica a los servicios suministrados por los operadores de gesti\u00f3n comunitaria y gesti\u00f3n comercial, con excepci\u00f3n de\u00a0<strong>Aysam<\/strong>.<\/p>\n\n\n\n<p>La norma determin\u00f3 que a partir de enero de 2024 la cuota fija del servicio de&nbsp;<strong>agua potable<\/strong>&nbsp;ser\u00e1 de $3.421,75 (sin IVA) y el mismo valor tendr\u00e1 el servicio de cloaca. Esto implica un incremento del 20% respecto de los valores anteriores.<\/p>\n\n\n\n<p>A su vez, la conexi\u00f3n domiciliaria del kit medidor tendr\u00e1 un costo de $75.000, sin contar con la mano de obra.<\/p>\n\n\n\n<p>Mientras que tambi\u00e9n se establecieron cargos espec\u00edficos para los grandes consumidores. El cargo fijo del servicio de\u00a0<strong>agua potable<\/strong>\u00a0para un consumo asignado de 200 m\u00b3 ser\u00e1 de $27.374 por mes. En tanto, habr\u00e1 un cargo variable por metro c\u00fabico dependiendo del mayor consumo.<\/p>\n\n\n\n<p>FUENTE: Mdzonline.<\/p>\n","protected":false},"excerpt":{"rendered":"<p>A trav\u00e9s del Decreto N\u00ba 3282, el gobernador Alfredo Cornejo estableci\u00f3 un incremento del 20% en el servicio de agua que reciben los usuarios a trav\u00e9s de otros operadores y no de Aysam. El Gobierno de Mendoza estableci\u00f3 un nuevo incremento en el\u00a0servicio de agua\u00a0potable\u00a0de un 20% para los usuarios que cuentan con el suministro [&hellip;]<\/p>\n","protected":false},"author":2,"featured_media":4508,"comment_status":"open","ping_status":"open","sticky":true,"template":"","format":"standard","meta":[],"categories":[47],"tags":[],"_links":{"self":[{"href":"https:\/\/pasaenmendoza.com\/index.php?rest_route=\/wp\/v2\/posts\/4504"}],"collection":[{"href":"https:\/\/pasaenmendoza.com\/index.php?rest_route=\/wp\/v2\/posts"}],"about":[{"href":"https:\/\/pasaenmendoza.com\/index.php?rest_route=\/wp\/v2\/types\/post"}],"author":[{"embeddable":true,"href":"https:\/\/pasaenmendoza.com\/index.php?rest_route=\/wp\/v2\/users\/2"}],"replies":[{"embeddable":true,"href":"https:\/\/pasaenmendoza.com\/index.php?rest_route=%2Fwp%2Fv2%2Fcomments&post=4504"}],"version-history":[{"count":1,"href":"https:\/\/pasaenmendoza.com\/index.php?rest_route=\/wp\/v2\/posts\/4504\/revisions"}],"predecessor-version":[{"id":4509,"href":"https:\/\/pasaenmendoza.com\/index.php?rest_route=\/wp\/v2\/posts\/4504\/revisions\/4509"}],"wp:featuredmedia":[{"embeddable":true,"href":"https:\/\/pasaenmendoza.com\/index.php?rest_route=\/wp\/v2\/media\/4508"}],"wp:attachment":[{"href":"https:\/\/pasaenmendoza.com\/index.php?rest_route=%2Fwp%2Fv2%2Fmedia&parent=4504"}],"wp:term":[{"taxonomy":"category","embeddable":true,"href":"https:\/\/pasaenmendoza.com\/index.php?rest_route=%2Fwp%2Fv2%2Fcategories&post=4504"},{"taxonomy":"post_tag","embeddable":true,"href":"https:\/\/pasaenmendoza.com\/index.php?rest_route=%2Fwp%2Fv2%2Ftags&post=4504"}],"curies":[{"name":"wp","href":"https:\/\/api.w.org\/{rel}","templated":true}]}}