{"id":4510,"date":"2024-01-12T13:56:14","date_gmt":"2024-01-12T12:56:14","guid":{"rendered":"https:\/\/pasaenmendoza.com\/?p=4510"},"modified":"2024-01-12T13:56:15","modified_gmt":"2024-01-12T12:56:15","slug":"tras-conocerse-la-inflacion-de-diciembre-mendoza-adelanto-las-paritarias-con-todos-los-gremios","status":"publish","type":"post","link":"https:\/\/pasaenmendoza.com\/?p=4510","title":{"rendered":"Tras conocerse la inflaci\u00f3n de diciembre, Mendoza adelant\u00f3 las paritarias con todos los gremios"},"content":{"rendered":"\n<p>En la tarde de este jueves se revelaron los datos de la&nbsp;<strong>inflaci\u00f3n&nbsp;<\/strong>de diciembre de 2023 en Mendoza, que trep\u00f3 al&nbsp;<strong>25,3%<\/strong>. El a\u00f1o termin\u00f3 con un&nbsp;<strong>216,5%&nbsp;<\/strong>y, por esto, el Gobierno de Mendoza decidi\u00f3&nbsp;<strong>adelantar m\u00e1s de 60 d\u00edas las paritarias<\/strong>&nbsp;teniendo en cuenta el panorama econ\u00f3mico complicado.<\/p>\n\n\n\n<p>El gobernador&nbsp;<strong>Alfredo Cornejo<\/strong>&nbsp;estableci\u00f3 que el cronograma de paritarias comience a principios de febrero. En los pr\u00f3ximos d\u00edas, los gremios ser\u00e1n notificados por la Subsecretar\u00eda de Trabajo sobre la fecha y la hora en que ser\u00e1n convocados.<\/p>\n\n\n\n<p>Cabe recordar que, en las \u00faltimas paritarias, qued\u00f3 establecida una cl\u00e1usula de garant\u00eda, seg\u00fan la cual el Ejecutivo provincial se compromet\u00eda a reunirse con los representantes de los trabajadores para el mes de abril. Con esta decisi\u00f3n, el Ejecutivo adelanta la discusi\u00f3n por un per\u00edodo superior a 60 d\u00edas.<\/p>\n\n\n\n<p>El rubro con mayor incidencia en todas las regiones fue Alimentos y bebidas no alcoh\u00f3licas (29,7%). Al interior del mismo se destaca el aumento de precios en Carnes y derivados, y Pan y cereales.<\/p>\n\n\n\n<p>Durante los doce meses de 2023, los alimentos, aumentaron un 251,3% con gran impacto en las canastas alimentarias que miden indigencia y pobreza.<\/p>\n\n\n\n<p><strong>Fuente: www.diariomendoza.com.ar<\/strong><\/p>\n","protected":false},"excerpt":{"rendered":"<p>En la tarde de este jueves se revelaron los datos de la&nbsp;inflaci\u00f3n&nbsp;de diciembre de 2023 en Mendoza, que trep\u00f3 al&nbsp;25,3%. El a\u00f1o termin\u00f3 con un&nbsp;216,5%&nbsp;y, por esto, el Gobierno de Mendoza decidi\u00f3&nbsp;adelantar m\u00e1s de 60 d\u00edas las paritarias&nbsp;teniendo en cuenta el panorama econ\u00f3mico complicado. El gobernador&nbsp;Alfredo Cornejo&nbsp;estableci\u00f3 que el cronograma de paritarias comience a principios [&hellip;]<\/p>\n","protected":false},"author":2,"featured_media":4516,"comment_status":"open","ping_status":"open","sticky":false,"template":"","format":"standard","meta":[],"categories":[55],"tags":[],"_links":{"self":[{"href":"https:\/\/pasaenmendoza.com\/index.php?rest_route=\/wp\/v2\/posts\/4510"}],"collection":[{"href":"https:\/\/pasaenmendoza.com\/index.php?rest_route=\/wp\/v2\/posts"}],"about":[{"href":"https:\/\/pasaenmendoza.com\/index.php?rest_route=\/wp\/v2\/types\/post"}],"author":[{"embeddable":true,"href":"https:\/\/pasaenmendoza.com\/index.php?rest_route=\/wp\/v2\/users\/2"}],"replies":[{"embeddable":true,"href":"https:\/\/pasaenmendoza.com\/index.php?rest_route=%2Fwp%2Fv2%2Fcomments&post=4510"}],"version-history":[{"count":1,"href":"https:\/\/pasaenmendoza.com\/index.php?rest_route=\/wp\/v2\/posts\/4510\/revisions"}],"predecessor-version":[{"id":4517,"href":"https:\/\/pasaenmendoza.com\/index.php?rest_route=\/wp\/v2\/posts\/4510\/revisions\/4517"}],"wp:featuredmedia":[{"embeddable":true,"href":"https:\/\/pasaenmendoza.com\/index.php?rest_route=\/wp\/v2\/media\/4516"}],"wp:attachment":[{"href":"https:\/\/pasaenmendoza.com\/index.php?rest_route=%2Fwp%2Fv2%2Fmedia&parent=4510"}],"wp:term":[{"taxonomy":"category","embeddable":true,"href":"https:\/\/pasaenmendoza.com\/index.php?rest_route=%2Fwp%2Fv2%2Fcategories&post=4510"},{"taxonomy":"post_tag","embeddable":true,"href":"https:\/\/pasaenmendoza.com\/index.php?rest_route=%2Fwp%2Fv2%2Ftags&post=4510"}],"curies":[{"name":"wp","href":"https:\/\/api.w.org\/{rel}","templated":true}]}}