{"id":4511,"date":"2024-01-12T13:50:31","date_gmt":"2024-01-12T12:50:31","guid":{"rendered":"https:\/\/pasaenmendoza.com\/?p=4511"},"modified":"2024-01-12T13:50:32","modified_gmt":"2024-01-12T12:50:32","slug":"hebe-casado-le-bajo-el-precio-al-rol-de-omar-de-marchi-en-el-gabinete-de-milei","status":"publish","type":"post","link":"https:\/\/pasaenmendoza.com\/?p=4511","title":{"rendered":"Hebe Casado le baj\u00f3 el precio al rol de Omar De Marchi en el gabinete de Milei"},"content":{"rendered":"\n<p>La vicegobernadora&nbsp;<strong>Hebe Casado&nbsp;<\/strong>cruz\u00f3 al l\u00edder de La Uni\u00f3n Mendocina,&nbsp;<strong>Omar De Marchi&nbsp;<\/strong>por su puesto en el gabinete de<strong>&nbsp;Javier Milei<\/strong>, se\u00f1alando que es un cargo secundario.<\/p>\n\n\n\n<p>La relaci\u00f3n entre la sanrafaelina y el oriundo de Luj\u00e1n de Cuyo siempre fue distante,<mark>&nbsp;y se agudiz\u00f3 luego de que este rompiera con Cambia Mendoza en abril del a\u00f1o pasado, previo a las elecciones.<\/mark><\/p>\n\n\n\n<p>En esta \u00faltima oportunidad, Casado se refiri\u00f3 al cargo que Milei le asign\u00f3 a De Marchi como secretario de Relaciones Parlamentarias y con la Sociedad Civil, cuyo trabajo es negociar entre los poderes legislativos y ejecutivos, en relaci\u00f3n al proyecto de ley \u00f3mnibus y las retenciones al vino.<\/p>\n\n\n\n<p><em>\u201cNo s\u00e9 con qui\u00e9n tiene relaci\u00f3n Omar De Marchi. Para m\u00ed es un rol puramente burocr\u00e1tico que no ha hecho demasiado. Las negociaciones las est\u00e1 haciendo Alfredo Cornejo, con Guillermo Francos y Javier Milei. El rol de De Marchi es secundario\u201d<\/em>, fustig\u00f3 Casado.<\/p>\n\n\n\n<p>Esto se da en medio de un contexto electoral interno en el PRO, en el que la vicegobernadora es la candidata m\u00e1s fuerte para conducir el partido a nivel local, pero no se descarta que el funcionario nacional busque competir por el mismo puesto.<\/p>\n\n\n\n<p>FUENTE: Elsol.com.ar <\/p>\n","protected":false},"excerpt":{"rendered":"<p>La vicegobernadora&nbsp;Hebe Casado&nbsp;cruz\u00f3 al l\u00edder de La Uni\u00f3n Mendocina,&nbsp;Omar De Marchi&nbsp;por su puesto en el gabinete de&nbsp;Javier Milei, se\u00f1alando que es un cargo secundario. La relaci\u00f3n entre la sanrafaelina y el oriundo de Luj\u00e1n de Cuyo siempre fue distante,&nbsp;y se agudiz\u00f3 luego de que este rompiera con Cambia Mendoza en abril del a\u00f1o pasado, previo [&hellip;]<\/p>\n","protected":false},"author":2,"featured_media":4512,"comment_status":"open","ping_status":"open","sticky":true,"template":"","format":"standard","meta":[],"categories":[47],"tags":[],"_links":{"self":[{"href":"https:\/\/pasaenmendoza.com\/index.php?rest_route=\/wp\/v2\/posts\/4511"}],"collection":[{"href":"https:\/\/pasaenmendoza.com\/index.php?rest_route=\/wp\/v2\/posts"}],"about":[{"href":"https:\/\/pasaenmendoza.com\/index.php?rest_route=\/wp\/v2\/types\/post"}],"author":[{"embeddable":true,"href":"https:\/\/pasaenmendoza.com\/index.php?rest_route=\/wp\/v2\/users\/2"}],"replies":[{"embeddable":true,"href":"https:\/\/pasaenmendoza.com\/index.php?rest_route=%2Fwp%2Fv2%2Fcomments&post=4511"}],"version-history":[{"count":1,"href":"https:\/\/pasaenmendoza.com\/index.php?rest_route=\/wp\/v2\/posts\/4511\/revisions"}],"predecessor-version":[{"id":4513,"href":"https:\/\/pasaenmendoza.com\/index.php?rest_route=\/wp\/v2\/posts\/4511\/revisions\/4513"}],"wp:featuredmedia":[{"embeddable":true,"href":"https:\/\/pasaenmendoza.com\/index.php?rest_route=\/wp\/v2\/media\/4512"}],"wp:attachment":[{"href":"https:\/\/pasaenmendoza.com\/index.php?rest_route=%2Fwp%2Fv2%2Fmedia&parent=4511"}],"wp:term":[{"taxonomy":"category","embeddable":true,"href":"https:\/\/pasaenmendoza.com\/index.php?rest_route=%2Fwp%2Fv2%2Fcategories&post=4511"},{"taxonomy":"post_tag","embeddable":true,"href":"https:\/\/pasaenmendoza.com\/index.php?rest_route=%2Fwp%2Fv2%2Ftags&post=4511"}],"curies":[{"name":"wp","href":"https:\/\/api.w.org\/{rel}","templated":true}]}}