{"id":4514,"date":"2024-01-12T14:02:47","date_gmt":"2024-01-12T13:02:47","guid":{"rendered":"https:\/\/pasaenmendoza.com\/?p=4514"},"modified":"2024-01-12T14:02:48","modified_gmt":"2024-01-12T13:02:48","slug":"se-desploma-el-vino-y-hasta-cuando-resistira-la-7722","status":"publish","type":"post","link":"https:\/\/pasaenmendoza.com\/?p=4514","title":{"rendered":"Se desploma el vino y \u00bfhasta cu\u00e1ndo &#8220;resistir\u00e1&#8221; la 7722?"},"content":{"rendered":"\n<p>Los dos amigos que en unas horas partir\u00e1n a Chile de vacaciones, cada uno por su cuenta, coincidir\u00e1n en un hipermercado de Las Heras para comprar absolutamente todo lo que tienen pensado consumir del otro lado de la cordillera. &#8220;No ser\u00e1 como el a\u00f1o pasado, pero sigue siendo m\u00e1s barato el s\u00faper en Mendoza que en Vi\u00f1a&#8221;, justific\u00f3 el Omar, el radical del grupo, que se ir\u00e1 a &#8220;Las Catitas&#8221; chilena con su esposa, tras la reciente reconciliaci\u00f3n, mientras que Ludovico partir\u00e1 a Vi\u00f1a del Mar. Entonces, avisan a los otros dos que a eso de las 7 de la tarde podr\u00edan compartir un \u00faltimo caf\u00e9 en el lugar, antes de &#8220;separarse&#8221; por algunas semanas.<\/p>\n\n\n\n<p>-Che, \u00bfesto sigue siendo de los&nbsp;<strong>Bugliotti<\/strong>? -pregunt\u00f3 el Flaco Dani, reci\u00e9n llegado, y recordando aquella inauguraci\u00f3n del lugar, en 2014, con la presencia del entonces compa\u00f1ero Rolando Baldasso, Carlos Ciurca, Rub\u00e9n Miranda y m\u00e1s-.<\/p>\n\n\n\n<p>-S\u00ed, aunque hubo algunos cambios hace unos meses -respondi\u00f3 el Ruso, el economista de la mesa-. Los locales de San Mart\u00edn y Las Heras, los \u00fanicos dos que tiene el grupo en Mendoza, quedaron a cargo de una sociedad entre Euclides Bugliotti y la familia Lauret.<\/p>\n\n\n\n<p>Resuelta la inc\u00f3gnita sobre los actuales due\u00f1os del\u00a0<strong>Tadicor<\/strong>\u00a0lasherino, uno de los mayoristas que sirve de abastecimiento a los mendocinos aventureros que parten hacia Chile, los amigos arrancan la ronda de novedades pol\u00edticas.<\/p>\n\n\n\n<p>La interna del PRO y la impredecible &#8220;Sol&#8221;<\/p>\n\n\n\n<p>El ruido de changuitos, de ni\u00f1os de vacaciones que van al cine y la &#8220;voz del estadio&#8221; que pide la presencia a tal o cual empleado en la l\u00ednea de caja, incomodan al Ruso, que a esa altura se arrepiente de no haber pedido un cambio de sede. En cambio, el Flaco Dani, el peronista del grupo, aprovecha para recordarle al Omar, el radical, que all\u00ed hab\u00eda sido el \u00faltimo encuentro amistoso entre Cornejo y Orozco, un a\u00f1o atr\u00e1s, antes de la partida del entonces intendente a La Uni\u00f3n Mendocina.<\/p>\n\n\n\n<p>-\u00bfVieron\u00a0la nota del Post del otro d\u00eda, en la que la Hebe Casado dice que quiere ser presidenta del PRO en Mendoza? -meti\u00f3 Ludovico, el &#8220;amarillo&#8221; del grupete-.<\/p>\n\n\n\n<p>-S\u00ed. Dijo que iba a ser candidata y ah\u00ed nom\u00e1s sali\u00f3 la gente del Omar a hacerse notar.<\/p>\n\n\n\n<p>-Ah\u00ed ten\u00e9s a un sector del entorno del Tintura que quiere dar pelea en una interna, que ser\u00eda en marzo o abril, quiz\u00e1s con el \u00c1lvaro Mart\u00ednez de vuelta como candidato. Y otros que consideran que dar pelea interna es al pedo, que no tendr\u00eda sentido en el escenario pol\u00edtico actual, menos ahora que est\u00e1n tirando algunos mensajes amistosos para el Alfredo.&nbsp;<strong>Ponele casi todas las fichas a la Hebe y una a la Sol<\/strong>.<\/p>\n\n\n\n<p>-\u00bfSol?<\/p>\n\n\n\n<p>-La\u00a0<strong>Sol Salinas<\/strong>, puede salir para cualquier lado. Est\u00e1 en el medio.<\/p>\n\n\n\n<p>-Pero la Hebe la cuenta como &#8220;propia&#8221;.<\/p>\n\n\n\n<p>-Jajaja. Ponele. Acordate que arranc\u00f3 como presidenta de la Juventud del PRO de la mano del Tintura. Y despu\u00e9s se qued\u00f3 en el PRO cercano a Cornejo, pero siempre sola. Se manej\u00f3 y se maneja muy bien en Buenos Aires. En su momento, a trav\u00e9s del Seba Garc\u00eda de Luca lleg\u00f3 a Emilio Monz\u00f3. Y ahora anda &#8220;culo y calz\u00f3n&#8221; con el&nbsp;<strong>Dami\u00e1n Arabia<\/strong>, mano derecha de&nbsp;<strong>Bullrich<\/strong>. Tiene l\u00ednea directa con la Pato sin necesidad del Tintura ni la Hebe. Y las aspiraciones muy altas, demasiado a veces. Me dijeron que estaba molesta porque quer\u00eda ser senadora.<\/p>\n\n\n\n<p>-\u00bfY perdi\u00f3? \u00bfNo le alcanzaron los votos?<\/p>\n\n\n\n<p>-No. Gan\u00f3, pero como diputada.<\/p>\n\n\n\n<p>-Jajajaja. Bueno, que se quede tranquila. El sueldo es el mismo.<\/p>\n\n\n\n<p>Se desploma el vino<\/p>\n\n\n\n<p>A medida que avanzaba la charla sobre el PRO, el&nbsp;<strong>Ruso<\/strong>, el economista del grupete, se dedic\u00f3 a &#8220;ojear&#8221; el changuito que hab\u00eda llenado el Omar con cosas para llevar a Chile.<\/p>\n\n\n\n<p>-No llev\u00e1s ni un vino. Deber\u00edas llenar el changuito y venderlos del otro lado. A lo mejor as\u00ed mejora un poco la debacle de exportaciones.<\/p>\n\n\n\n<p>-Jaja. \u00bfDe qu\u00e9 hablas?<\/p>\n\n\n\n<p>-Estaba viendo los datos de\u00a0<strong>exportaciones de vinos 2023<\/strong>; me mandaron los n\u00fameros de diciembre y ya tengo el panorama completo. \u00a1Un 20 por ciento cay\u00f3 la exportaci\u00f3n de vinos en 2023! \u00a1\u00a1Cuatro millones de cajas menos que el a\u00f1o anterior!!\u00a0<strong>\u00a1\u00a1\u00a1Una ca\u00edda de 100 palos verdes!!!\u00a0<\/strong>Y afect\u00f3 a todos: \u00a1\u00a1\u00a1\u00a1desde Pe\u00f1aflor hasta las bodegas m\u00e1s chicas, no se salv\u00f3 nadie!!!!<\/p>\n\n\n\n<p>-Par\u00e1aaaa. No te calent\u00e9s&#8230;<\/p>\n\n\n\n<p>-Es que te da bronca porque pas\u00f3 lo que dec\u00edamos que iba a pasar, con todas las cagadas que se mandaron los Massa de la vida. \u00bfC\u00f3mo ibas a esperar otro resultado si ten\u00edas un&nbsp;<strong>d\u00f3lar irreal<\/strong>&nbsp;que no le conven\u00eda a nadie? Y encima ven\u00eda Massa, te dec\u00eda que iba a poner un d\u00f3lar Malbec, Bonarda, Tintillo o lo que sea, y todos contentos ac\u00e1 aplaudiendo. Esto es un de-sas-tre.<\/p>\n\n\n\n<p>-Parte por eso y tambi\u00e9n el consumo de vino a nivel mundial est\u00e1 estancado.<\/p>\n\n\n\n<p>-Lo \u00fanico rescatable es que&nbsp;<strong>subi\u00f3 el precio promedio<\/strong>&nbsp;al que venden las bodegas. Si antes vend\u00edas una caja, que son 6 botellas, a 100 d\u00f3lares, en 2023 te la pagaron 115. El tema es que vendiste much\u00edsimas cajas menos que en 2022. Y ahora, si bien mejor\u00f3 el panorama con la devaluaci\u00f3n, le met\u00e9s retenciones, esto no mejora m\u00e1s.<\/p>\n\n\n\n<p><strong>-\u00bfY Diana Mondino no va a hacer nada?&nbsp;<\/strong>-pregunt\u00f3 el Flaco Dani, el peronista de la mesa, desorientado quiz\u00e1s-.<\/p>\n\n\n\n<p>-\u00bfQu\u00e9 tiene que ver ella? En todo caso, que &#8220;Toto&#8221; se ponga las pilas.<\/p>\n\n\n\n<p>-No, Mondino mejor. Mir\u00e1: por su cargo, puede abrir las puertas del mundo, y entre las 283 empresas para las que trabaj\u00f3 hasta el a\u00f1o pasado, hay una&nbsp;<strong>bodega<\/strong>,&nbsp;<strong>Bianchi<\/strong>. Adem\u00e1s de canciller podr\u00eda ser embajadora del vino mendocino.<\/p>\n\n\n\n<p>-\u00a1Salud!<\/p>\n\n\n\n<p>(&#8230;)<\/p>\n\n\n\n<p>El punto de la reforma de Milei que resiste Cornejo<\/p>\n\n\n\n<p>El Omar hab\u00eda dedicado parte de la semana a ver las transmisiones en vivo del debate en comisi\u00f3n de la Ley \u00d3mnibus, que incluy\u00f3 fuertes cruces entre los diputados de distintos partidos, por m\u00faltiples cuestiones.<\/p>\n\n\n\n<p>-Deben estar todos re calientes porque est\u00e1n laburando como perros en enero. \u00bfQui\u00e9n se quiere quedar en CABA en enero y encima en el Congreso? Por eso, cualquier cosa los hace &#8220;saltar&#8221; -tir\u00f3 el Omar-.<\/p>\n\n\n\n<p>-Jajaja. Che, y hablando de la Ley \u00d3mnibus. \u00bfQu\u00e9 piensa Cornejo?<\/p>\n\n\n\n<p>&#8211;<strong>El Alfredo y la liga de gobernadores apoyan casi todo,&nbsp;<\/strong>pero \u00e9l&nbsp;<strong>rechaza un punto importante<\/strong>, que tiene que ver con el&nbsp;<strong>sistema electoral<\/strong>. No ha sido tema de debate p\u00fablico a\u00fan, pero llegado el momento lo va a tirar para atr\u00e1s.<\/p>\n\n\n\n<p>-\u00bfQu\u00e9 cosa?<\/p>\n\n\n\n<p>&#8211;<strong>La forma de elecci\u00f3n de los diputados nacionales.<\/strong>\u00a0Primero, Milei propuso cambiar la f\u00f3rmula para calcular cu\u00e1ntas bancas corresponde a cada provincia y modificar la cantidad de legisladores, lo que generar\u00eda que Mendoza tenga un lugar m\u00e1s en la C\u00e1mara baja. Pero lo m\u00e1s controvertido es que\u00a0<strong>el Peluca plantea una forma diferente de elegir a esos diputados nacionales<\/strong>, creando la figura de &#8220;<strong>circunscripciones uninominales<\/strong>&#8220;.<\/p>\n\n\n\n<p>-Me perd\u00ed.<\/p>\n\n\n\n<p>-Jaja. Es f\u00e1cil. A cada distrito, es decir, a cada provincia, le corresponder\u00eda determinada cantidad de bancas. Hoy en d\u00eda, en toda la provincia se vota la misma lista y despu\u00e9s se reparten las bancas en juego por sistema D&#8217;Hondt.&nbsp;<strong>Con la reforma, en el caso de Mendoza, pasar\u00eda a tener 11 diputados nacionales<\/strong>. Lo que propone Milei es que se creen<strong>&nbsp;11 circunscripciones uninominales&nbsp;<\/strong>en la provincia, que ser\u00edan como secciones electorales, y&nbsp;<strong>que cada una elija un diputado nacional<\/strong>.&nbsp;<\/p>\n\n\n\n<p>-Yo pens\u00e9 que Cornejo lo apoyar\u00eda -se meti\u00f3 Ludovico-.<\/p>\n\n\n\n<p>-\u00bfPor?<\/p>\n\n\n\n<p>-Porque si aplic\u00e1s ese sistema cag\u00e1s al conurbano, hist\u00f3ricamente peronista. Hoy en d\u00eda, gan\u00e1s en La Matanza y alrededores y te garantiz\u00e1s la mayor\u00eda de diputados nacionales por provincia de Buenos Aires. Pero si divid\u00eds semejante territorio en casi 100 circunscripciones y que cada una elija un solo diputado, como plantea la ley, permit\u00eds que ese mapa pintado casi en su totalidad de &#8220;amarillo&#8221; tenga un correlato en la C\u00e1mara de Diputados.<\/p>\n\n\n\n<p>-Pero si se aplica ese sistema\u00a0<strong>ser\u00eda inconstitucional<\/strong>\u00a0-se\u00f1al\u00f3 el Omar-, por varios puntos. La inconstitucionalidad mayor surgir\u00eda porque\u00a0<strong>no habr\u00eda representaci\u00f3n de las minor\u00edas<\/strong>, que es una cl\u00e1usula constitucional que incluy\u00f3 Alfons\u00edn en el &#8217;94. Si eleg\u00eds uno por circunscripciones, las minor\u00edas no est\u00e1n representadas.<\/p>\n\n\n\n<p>-Ustedes lo sacan a Alfons\u00edn cuando les conviene -chican\u00e9o Ludovico, el del PRO-.<\/p>\n\n\n\n<p>-\u00bfQu\u00e9 est\u00e1n hablando? Adem\u00e1s, ponele que sea como dec\u00eds lo de provincia de Buenos Aires y que Juntos por el Cambio salga mejor parado, pero con la reforma de Milei sumar\u00eda \u00a127 bancas m\u00e1s! Y nosotros s\u00f3lo una, cuando deber\u00edamos ganar dos por el censo nuevo. No sirve&#8230;<\/p>\n\n\n\n<p>(&#8230;)<\/p>\n\n\n\n<p>\u00bfHasta cu\u00e1ndo aguantar\u00e1 la Ley 7722?<\/p>\n\n\n\n<p>-Un mes de Cornejo, sin mayores novedades, con las miradas puestas en Buenos Aires. Nada que ver con lo que fue el arranque del Rody \u00bfSe acuerdan esos primeros 30 d\u00edas de Suarez? -tir\u00f3 el Flaco Dani, en el comienzo de la tercera gesti\u00f3n no peronista consecutiva que le toca vivir-.<\/p>\n\n\n\n<p>-Mejor no hacer mucho que hacer y recular -se meti\u00f3 el Ruso-.<\/p>\n\n\n\n<p>-Bueno, pero fijate que despu\u00e9s del ida y vuelta minero, Suarez termin\u00f3 salv\u00e1ndose justamente con la miner\u00eda. Logr\u00f3 que se reactive Potasio R\u00edo Colorado y dej\u00f3 algunos proyectos mineros de cobre en marcha, al menos con la exploraci\u00f3n aprobada. Y se puede hacer con la 7722 como est\u00e1. Esta semana se promulg\u00f3 la aprobaci\u00f3n de tres proyectos m\u00e1s para explorar&#8230;<\/p>\n\n\n\n<p>&#8211;<strong>S\u00ed, pero va a llegar un punto en el que si quer\u00e9s miner\u00eda en serio, la 7722 no va a resistir<\/strong>&nbsp;-arranc\u00f3 Ludovico, cuyos compa\u00f1eros &#8220;amarillos&#8221; quedaron a cargo de la Direcci\u00f3n de Miner\u00eda de Mendoza-.<\/p>\n\n\n\n<p>-\u00bfPor qu\u00e9?<\/p>\n\n\n\n<p>-Porque para desarrollar miner\u00eda a gran escala en cobre\u00a0<strong>necesit\u00e1s que te autoricen el uso de \u00e1cido sulf\u00farico<\/strong>, no hay otra, y est\u00e1 entre las sustancias prohibidas por la 7722. Pod\u00e9s hacerlo con otros qu\u00edmicos, pero te limita much\u00edsimo y hay yacimientos que no vas a poder explotar. Te dicen que la 7722 no proh\u00edbe la miner\u00eda, lo cual es cierto, pero te la restringe much\u00edsimo. Haciendo una comparaci\u00f3n con el f\u00fatbol,\u00a0<strong>es como si te prohibieran hacer goles con los pies<\/strong>; eventualmente har\u00e1n alguno de cabeza, pero nunca vas a destacarte en el f\u00fatbol&#8230;\u00a0<\/p>\n\n\n\n<p><strong>-\u00bfPor qu\u00e9 s\u00ed o s\u00ed necesitar\u00edas que te aprueben el \u00e1cido sulf\u00farico?<\/strong><\/p>\n\n\n\n<p>-Vos pod\u00e9s extraer el cobre de la roca con dos m\u00e9todos:&nbsp;<strong>flotaci\u00f3n<\/strong>, usando eventualmente un sustancia no prohibida, como el xantato que propuso San Jorge e igual se lo rechazaron por cuestiones pol\u00edticas y no t\u00e9cnicas; y por&nbsp;<strong>lixiviaci\u00f3n<\/strong>, donde deber\u00edas aplicar&nbsp;<strong>\u00e1cido sulf\u00farico<\/strong>. Y m\u00e1s all\u00e1 de que este \u00faltimo sea el m\u00e1s usado en el mundo, hay situaciones en las que no ten\u00e9s elecci\u00f3n, depend\u00e9s de las caracter\u00edsticas de la roca.<\/p>\n\n\n\n<p>-M\u00e1s despacio, plis&#8230;<\/p>\n\n\n\n<p>-Te doy un ejemplo. Como dijiste reci\u00e9n, hace poco aprobaron la exploraci\u00f3n de tres proyectos de cobre:&nbsp;<strong>El Burrero, La Adriana y Las Choicas<\/strong>. Esa exploraci\u00f3n consistir\u00e1 en hacer perforaciones, sacar muestras de la roca y analizarlas para conocer algo fundamental: si es material sulfurado u oxidado.<\/p>\n\n\n\n<p>-\u00bfPor qu\u00e9 es clave eso?<\/p>\n\n\n\n<p>-Porque\u00a0<strong>si es material sulfurado<\/strong>\u00a0vas a poder sacar el cobre con flotaci\u00f3n y un qu\u00edmico no prohibido. Es decir,\u00a0<strong>pod\u00e9s hacerlo con la 7722<\/strong>, siempre y cuando a los legisladores se les ocurra aprobarlo. Pero\u00a0<strong>si es material oxidado<\/strong>, s\u00ed o s\u00ed ten\u00e9s que hacerlo v\u00eda lixiviaci\u00f3n con\u00a0<strong>\u00e1cido sulf\u00farico<\/strong>, y ah\u00ed cagaste,\u00a0<strong>no hay miner\u00eda posible<\/strong>\u00a0con la 7722. Por eso digo que, llegado el momento, esta ley no va a resistir si verdaderamente se quiere avanzar con miner\u00eda metal\u00edfera en serio. Lo mismo pasar\u00eda con Cerro Amarillo: con la 7722 vas a poder explotar una parte nada m\u00e1s. Y ni hablar del\u00a0<strong>oro<\/strong>. Hoy podr\u00edas reactivar Don Sixto en Malarg\u00fce, pero para producir oro s\u00ed o s\u00ed necesit\u00e1s\u00a0<strong>cianuro<\/strong>, tambi\u00e9n prohibido por la 7722. As\u00ed se hace en todo el mundo, m\u00e1s all\u00e1 de la mezcla rara esa que vinieron a ofrecer los australianos hace algunos a\u00f1os&#8230;<\/p>\n\n\n\n<p>-No vamos a tener nunca miner\u00eda en serio -volvi\u00f3 a aportar el Ruso-. Hay gente que cree en cosas muy locas, desde la \u00e9poca de Cobos, y cada vez que amaguen con cambiar la ley, van a prender fuego todo, convencidos de que hacen el bien. \u00a1Ese es el tema! Fijate que el otro d\u00eda amagaron con cortar una ruta porque la lucha antigranizo rompe las tormentas e impide que llueva&#8230;. Mamita.<\/p>\n\n\n\n<p>(&#8230;)<\/p>\n\n\n\n<p>La pelea por la coparticipaci\u00f3n<\/p>\n\n\n\n<p>Como el peronismo est\u00e1 de capa ca\u00edda, el Flaco Dani mucho no tiene para decir. Entonces, Ludovico aprovecha para volver a hablar del PRO, retomar un tema anterior.<\/p>\n\n\n\n<p>-Me olvid\u00e9 del Colo&#8230; Si no es la Hebe, \u00e9l deber\u00eda ser nuestro presidente.<\/p>\n\n\n\n<p>-\u00bfEl Colo Mac Allister? \u00bfNo era pampeano?<\/p>\n\n\n\n<p>-El\u00a0Colo Allasino. Ahora que La Uni\u00f3n Mendocina desapareci\u00f3, deber\u00eda reactivarse en modo PRO. Tiene todo para hacer una buena gesti\u00f3n y nosotros necesitamos tener un intendente.<\/p>\n\n\n\n<p>-Hay que ver c\u00f3mo le va gestionando y en el barro de la pol\u00edtica. Con el tema coparticipaci\u00f3n se las va a tener que ver con el\u00a0Diego Costarelli, de Godoy Cruz -advirti\u00f3 el Omar-. Qued\u00f3 pendiente la reforma del r\u00e9gimen de coparticipaci\u00f3n en Mendoza: c\u00f3mo la provincia reparte la guita a los municipios, sobre todo la parte que se distribuye seg\u00fan la cantidad de habitantes. Ya est\u00e1 el censo definitivo de 2022 y deber\u00eda reemplazarse el que ven\u00eda us\u00e1ndose, del 2010, para repartir la guita y Luj\u00e1n deber\u00eda cobrar un mont\u00f3n de guita m\u00e1s, y uno de los que m\u00e1s perder\u00eda ser\u00eda Godoy Cruz. Hay que ver c\u00f3mo se negocia eso. Uno va a querer que se aplique tal cual y otro va a querer alguna compensaci\u00f3n.<\/p>\n\n\n\n<p>-Che, \u00bfy Las Heras?<\/p>\n\n\n\n<p>-Cae un poco. Acordate que una parte de Las Heras pas\u00f3 a ser de Luj\u00e1n de Cuyo, fallo de la Corte mediante, entonces perdi\u00f3 habitantes en el escritorio -record\u00f3 el Omar-.<\/p>\n\n\n\n<p>-\u00a1Es verdad! Me hab\u00eda olvidado.<\/p>\n\n\n\n<p>-Ahora el\u00a0Pancho Lo Presti\u00a0est\u00e1 preparando el sorteo de un auto cero kil\u00f3metro, algo que adelantamos el otro d\u00eda, para los vecinos que est\u00e9n al d\u00eda con el pago de tasas. Sac\u00f3 una licitaci\u00f3n para comprarlo y despu\u00e9s se lo regalar\u00e1 a alg\u00fan lasherino cumplidor.<\/p>\n\n\n\n<p>&#8211;<strong>\u00bfQu\u00e9 auto ser\u00e1?<\/strong>&nbsp;\u00bfUn Daewoo Tico?<\/p>\n\n\n\n<p>-Jajajajaja. Ese era el auto que sorteaban en los canales de televisi\u00f3n en los &#8217;90. Una verdadera porquer\u00eda&#8230; En el caso de Las Heras, depender\u00e1 de la concesionaria que gane la licitaci\u00f3n. Podr\u00eda ser un Fiat Cronos, el 1.3&#8230; Un Chevrolet Joy&#8230; O por ah\u00ed un Volkswagen Polo.<\/p>\n\n\n\n<p>-\u00bfY alguna otra idea fant\u00e1stica para tener m\u00e1s guita?<\/p>\n\n\n\n<p>-Jaja. De ese estilo, no. Pero me contaron que ya hay algunas empresas con ganas de instalarse en el Parque Industrial. La m\u00e1s avanzada es una de insumos medicinales.<\/p>\n\n\n\n<p>-Vos&nbsp;<strong>Ruso<\/strong>, ahora que te vas a&nbsp;<strong>Brasil<\/strong>&nbsp;de vacaciones, fijate si consegu\u00eds alguna empresita que quiera instalarse en la Rep\u00fablica de Las Heras. Y&nbsp;<strong>si te encontr\u00e1s por la calle con Bolsonaro, sacate&nbsp;una foto<\/strong>&nbsp;y dec\u00ed que te reuniste con \u00e9l para negociar inversiones en Mendoza, como hizo el Eber P\u00e9rez Plaza -tir\u00f3 el &#8220;compa\u00f1ero&#8221; Dani-.<\/p>\n\n\n\n<p>-\u00bfQui\u00e9n?<\/p>\n\n\n\n<p>-\u00bfNo te acord\u00e1s? El\u00a0<strong>Eber P\u00e9rez Plaza<\/strong>\u00a0es un productor de ajo de Tunuy\u00e1n que fue dos a\u00f1os diputado nacional por Mendoza. En un momento fue a cerrar unos negocios de exportaci\u00f3n a Brasil, y\u00a0<strong>se lo encontr\u00f3 a Bolsonaro<\/strong>, que en ese entonces era presidente de Brasil. Al tipo le chup\u00f3 un huevo que Bolsonaro sea antiperonista, se sac\u00f3 una\u00a0<strong>foto<\/strong>\u00a0con \u00e9l en la calle y lo vendi\u00f3 como un encuentro pactado en el que hizo lobby por los productos mendocinos. Todo &#8220;tocu\u00e9n&#8221;. Pero lo m\u00e1s loco no fue eso:\u00a0<strong>en el galp\u00f3n que tiene en Tunuy\u00e1n<\/strong>, el Eber se hab\u00eda armado una\u00a0<strong>oficina<\/strong>\u00a0de puta madre, con la\u00a0<strong>bandera argentina\u00a0<\/strong>y un cartel de\u00a0<strong>honorable diputado de la Naci\u00f3n<\/strong>. Entonces, ven\u00edan los socios brasile\u00f1os y sal\u00edan maravillados, \u00a1pensaban que era el pr\u00f3ximo presidente argentino! La verdad que me saco el sombrero&#8230;<\/p>\n\n\n\n<p>-Jajajajaja.<\/p>\n\n\n\n<p>-Che, \u00bfy el &#8220;Cositorto&#8221; mendocino sigue en Brasil?<\/p>\n\n\n\n<p>-Sigue recluido all\u00e1, y ac\u00e1 sigue sospechado de estafas millonarias. Por ah\u00ed vuelve a festejar el ascenso.<\/p>\n\n\n\n<p>-\u00bfEl ascenso?<\/p>\n\n\n\n<p>-Su equipo, en el que invirti\u00f3 much\u00edsima guita, Sport Club Argentino de General Alvear, pas\u00f3 a semifinales del Torneo Regional Amateur. Ahora juega con Guti\u00e9rrez. En una de esas, sigue avanzando y asciende al Federal A.<\/p>\n\n\n\n<p>-Ya que todo tiene que ver con todo.&nbsp;<strong>\u00bfSab\u00e9s qui\u00e9n es hincha de Argentino de Alvear?<\/strong><\/p>\n\n\n\n<p>-No me estar\u00eda importando&#8230;<\/p>\n\n\n\n<p>-El&nbsp;<strong>Sergio Bruni.<\/strong>&nbsp;Acordate que es uno de los sure\u00f1os que se trajo el Viti de Alvear, con la Mariana Juri, el Carlitos Salas y&#8230; \u00bfsab\u00e9s qui\u00e9n m\u00e1s?<\/p>\n\n\n\n<p>-Uh, me quiero ir&#8230;<\/p>\n\n\n\n<p>-Un tal&nbsp;<strong>Osvaldo Oyhenart<\/strong>. \u00bfTe suena?<\/p>\n\n\n\n<p>-\u00bfVos me quer\u00e9s decir que Janina Ortiz es hincha de Argentino de Alvear?<\/p>\n\n\n\n<p>-Jajajaja. V\u00e1monos a la m&#8230;..<\/p>\n\n\n\n<p>(&#8230;)<\/p>\n\n\n\n<p>Y as\u00ed, cada uno parti\u00f3 para su casa a ultimar sus vacaciones. Ludovico por un lado, y el Omar con su esposa por otro, partir\u00e1n rumbo a Chile, sin expectativa de encuentro trasandino. El Ruso, en tanto, volar\u00e1 hacia Brasil, para pasar unos d\u00edas en Florian\u00f3polis. Y el Flaco Dani revel\u00f3, justo antes de irse, que pasar\u00e1 unos d\u00edas en la Rep\u00fablica de San Luis. En unas semanas, los amigos volver\u00e1n a coincidir en alg\u00fan caf\u00e9 del centro mendocino para ponerse al d\u00eda.<\/p>\n\n\n\n<p>FUENTE: Mendozapost.<\/p>\n","protected":false},"excerpt":{"rendered":"<p>Los dos amigos que en unas horas partir\u00e1n a Chile de vacaciones, cada uno por su cuenta, coincidir\u00e1n en un hipermercado de Las Heras para comprar absolutamente todo lo que tienen pensado consumir del otro lado de la cordillera. &#8220;No ser\u00e1 como el a\u00f1o pasado, pero sigue siendo m\u00e1s barato el s\u00faper en Mendoza que [&hellip;]<\/p>\n","protected":false},"author":2,"featured_media":4519,"comment_status":"open","ping_status":"open","sticky":true,"template":"","format":"standard","meta":[],"categories":[47],"tags":[],"_links":{"self":[{"href":"https:\/\/pasaenmendoza.com\/index.php?rest_route=\/wp\/v2\/posts\/4514"}],"collection":[{"href":"https:\/\/pasaenmendoza.com\/index.php?rest_route=\/wp\/v2\/posts"}],"about":[{"href":"https:\/\/pasaenmendoza.com\/index.php?rest_route=\/wp\/v2\/types\/post"}],"author":[{"embeddable":true,"href":"https:\/\/pasaenmendoza.com\/index.php?rest_route=\/wp\/v2\/users\/2"}],"replies":[{"embeddable":true,"href":"https:\/\/pasaenmendoza.com\/index.php?rest_route=%2Fwp%2Fv2%2Fcomments&post=4514"}],"version-history":[{"count":1,"href":"https:\/\/pasaenmendoza.com\/index.php?rest_route=\/wp\/v2\/posts\/4514\/revisions"}],"predecessor-version":[{"id":4520,"href":"https:\/\/pasaenmendoza.com\/index.php?rest_route=\/wp\/v2\/posts\/4514\/revisions\/4520"}],"wp:featuredmedia":[{"embeddable":true,"href":"https:\/\/pasaenmendoza.com\/index.php?rest_route=\/wp\/v2\/media\/4519"}],"wp:attachment":[{"href":"https:\/\/pasaenmendoza.com\/index.php?rest_route=%2Fwp%2Fv2%2Fmedia&parent=4514"}],"wp:term":[{"taxonomy":"category","embeddable":true,"href":"https:\/\/pasaenmendoza.com\/index.php?rest_route=%2Fwp%2Fv2%2Fcategories&post=4514"},{"taxonomy":"post_tag","embeddable":true,"href":"https:\/\/pasaenmendoza.com\/index.php?rest_route=%2Fwp%2Fv2%2Ftags&post=4514"}],"curies":[{"name":"wp","href":"https:\/\/api.w.org\/{rel}","templated":true}]}}