{"id":4521,"date":"2024-01-12T14:08:41","date_gmt":"2024-01-12T13:08:41","guid":{"rendered":"https:\/\/pasaenmendoza.com\/?p=4521"},"modified":"2024-01-12T14:08:42","modified_gmt":"2024-01-12T13:08:42","slug":"la-vicegobernadora-recorrio-las-zonas-afectadas-por-la-feroz-tormenta-granicera-en-san-rafael","status":"publish","type":"post","link":"https:\/\/pasaenmendoza.com\/?p=4521","title":{"rendered":"La Vicegobernadora recorri\u00f3 las zonas afectadas por la feroz tormenta granicera en San Rafael."},"content":{"rendered":"\n<p><strong>Producto del\u00a0temporal de lluvia y de granizo\u00a0que se est\u00e1 desarrollando en Mendoza<\/strong>, hace poco m\u00e1s de una semana, este jueves precipit\u00f3 piedra de gran tama\u00f1o y da\u00f1\u00f3 \u00e1reas productivas en San Rafael.<\/p>\n\n\n\n<p>Por esa raz\u00f3n, la vicegobernadora,&nbsp;<strong>Hebe Casado,<\/strong>&nbsp;l<strong>lev\u00f3 a cabo un recorrido por las zonas afectadas por la intensa tormenta de granizo en San Rafael.<\/strong>&nbsp;Acompa\u00f1ada por Edgar Rodr\u00edguez, delegado en Zona Sur del Ministerio de Producci\u00f3n, se centr\u00f3 en evaluar directamente la magnitud de los da\u00f1os en las \u00e1reas productivas y coordinar acciones inmediatas en colaboraci\u00f3n con el Gobierno de Mendoza.<\/p>\n\n\n\n<p>Tras el temporal,\u00a0<strong>Casado mantuvo conversaciones telef\u00f3nicas con el ministro de Producci\u00f3n, Rodolfo Vargas Arizu, as\u00ed como con diversas \u00e1reas gubernamentales.\u00a0<\/strong>El objetivo fue coordinar de manera eficiente y r\u00e1pida la asistencia necesaria a los afectados por el fen\u00f3meno meteorol\u00f3gico.<\/p>\n\n\n\n<p>&#8220;He estado recorriendo el departamento despu\u00e9s de la tormenta de granizo que abarc\u00f3 una gran extensi\u00f3n del mismo. Ha afectado a varios de los distritos del departamento y adem\u00e1s a la ciudad cabecera de San Rafael, en algunos lugares con granizo de gran magnitud y durante bastante tiempo\u201d, cont\u00f3 la vicegobernadora.<\/p>\n\n\n\n<p>Casado confirm\u00f3 que<strong>&nbsp;hoy recorrer\u00e1 las zonas afectadas con el ministro de Producci\u00f3n, Rodolfo Vargas Arizu e integrantes del equipo ministerial.<\/strong><\/p>\n\n\n\n<p>Adem\u00e1s, expres\u00f3 su compromiso con la pronta respuesta ante esta situaci\u00f3n y se puso a disposici\u00f3n del intendente de la comuna, Omar F\u00e9lix, y su equipo, con el fin de trabajar de manera conjunta para abordar las urgencias del caso. &#8220;Me puse en comunicaci\u00f3n con el intendente de San Rafael, Omar F\u00e9lix, que tambi\u00e9n ha estado recorriendo las zonas as\u00ed que ma\u00f1ana vamos a reunirnos y ver la magnitud del da\u00f1o\u201d, indic\u00f3 Casado.<\/p>\n\n\n\n<h2 class=\"wp-block-heading\">Da\u00f1os en San Rafael y General Alvear<\/h2>\n\n\n\n<p>La direcci\u00f3n de Defensa Civil realiz\u00f3 un reporte de da\u00f1os en San Rafael y General Alvear, que fueron los departamentos m\u00e1s afectados.<\/p>\n\n\n\n<p><strong>En San Rafael hubo 9 \u00e1rboles ca\u00eddos, 40 casas anegadas y tres postes de electricidad ca\u00eddos<\/strong>\u00a0y en<strong>\u00a0Alvear, 4 \u00e1rboles ca\u00eddos, dos casas inundadas, 1 filtraci\u00f3n de techo y un poste de electricidad ca\u00eddo.<\/strong><\/p>\n\n\n\n<p>FUENTE: Diariouno.com.ar <\/p>\n","protected":false},"excerpt":{"rendered":"<p>Producto del\u00a0temporal de lluvia y de granizo\u00a0que se est\u00e1 desarrollando en Mendoza, hace poco m\u00e1s de una semana, este jueves precipit\u00f3 piedra de gran tama\u00f1o y da\u00f1\u00f3 \u00e1reas productivas en San Rafael. Por esa raz\u00f3n, la vicegobernadora,&nbsp;Hebe Casado,&nbsp;llev\u00f3 a cabo un recorrido por las zonas afectadas por la intensa tormenta de granizo en San Rafael.&nbsp;Acompa\u00f1ada [&hellip;]<\/p>\n","protected":false},"author":2,"featured_media":4523,"comment_status":"open","ping_status":"open","sticky":true,"template":"","format":"standard","meta":[],"categories":[47],"tags":[],"_links":{"self":[{"href":"https:\/\/pasaenmendoza.com\/index.php?rest_route=\/wp\/v2\/posts\/4521"}],"collection":[{"href":"https:\/\/pasaenmendoza.com\/index.php?rest_route=\/wp\/v2\/posts"}],"about":[{"href":"https:\/\/pasaenmendoza.com\/index.php?rest_route=\/wp\/v2\/types\/post"}],"author":[{"embeddable":true,"href":"https:\/\/pasaenmendoza.com\/index.php?rest_route=\/wp\/v2\/users\/2"}],"replies":[{"embeddable":true,"href":"https:\/\/pasaenmendoza.com\/index.php?rest_route=%2Fwp%2Fv2%2Fcomments&post=4521"}],"version-history":[{"count":1,"href":"https:\/\/pasaenmendoza.com\/index.php?rest_route=\/wp\/v2\/posts\/4521\/revisions"}],"predecessor-version":[{"id":4525,"href":"https:\/\/pasaenmendoza.com\/index.php?rest_route=\/wp\/v2\/posts\/4521\/revisions\/4525"}],"wp:featuredmedia":[{"embeddable":true,"href":"https:\/\/pasaenmendoza.com\/index.php?rest_route=\/wp\/v2\/media\/4523"}],"wp:attachment":[{"href":"https:\/\/pasaenmendoza.com\/index.php?rest_route=%2Fwp%2Fv2%2Fmedia&parent=4521"}],"wp:term":[{"taxonomy":"category","embeddable":true,"href":"https:\/\/pasaenmendoza.com\/index.php?rest_route=%2Fwp%2Fv2%2Fcategories&post=4521"},{"taxonomy":"post_tag","embeddable":true,"href":"https:\/\/pasaenmendoza.com\/index.php?rest_route=%2Fwp%2Fv2%2Ftags&post=4521"}],"curies":[{"name":"wp","href":"https:\/\/api.w.org\/{rel}","templated":true}]}}