{"id":4541,"date":"2024-01-15T13:13:51","date_gmt":"2024-01-15T12:13:51","guid":{"rendered":"https:\/\/pasaenmendoza.com\/?p=4541"},"modified":"2024-01-15T13:13:53","modified_gmt":"2024-01-15T12:13:53","slug":"lo-presti-prometio-que-reflotara-la-obra-de-agua-potable-para-64-000-vecinos-de-el-challao","status":"publish","type":"post","link":"https:\/\/pasaenmendoza.com\/?p=4541","title":{"rendered":"Lo Presti prometi\u00f3 que reflotar\u00e1 la obra de agua potable para 64.000 vecinos de El Challao"},"content":{"rendered":"\n<p>Francisco Lo Presti asever\u00f3 que ya est\u00e1n en tratativas con el nuevo titular del Enohsa, ente que financiar\u00e1 la obra. Tras ser licitada, la construcci\u00f3n del acueducto Pedemonte Norte lleva frenada 10 meses<\/p>\n\n\n\n<p>Tras la paralizaci\u00f3n de la obra, el intendente de Las Heras,\u00a0<strong>Francisco Lo Presti<\/strong>, cont\u00f3 a\u00a0<strong>Diario UNO<\/strong>\u00a0que el municipio va a retomar el proyecto &#8220;Pedemonte Norte&#8221;, el\u00a0<strong>acueducto de 16 kil\u00f3metros que servir\u00e1 para proveer de agua potable a 64.000 usuarios de la zona de El Challao y alrededores.<\/strong><\/p>\n\n\n\n<p>El\u00a0<strong>proyecto\u00a0<\/strong>fue\u00a0<strong>anunciado<\/strong>\u00a0en su momento por el entonces\u00a0<strong>intendente Daniel Orozco\u00a0<\/strong>y gener\u00f3 un revuelo pol\u00edtico importante, porque dio la noticia tras sacarse una pol\u00e9mica foto junto al exministro de Econom\u00eda y excandidato a presidente, Sergio Massa.<\/p>\n\n\n\n<p><strong>La obra, que ya fue licitada, tiene financiamiento del Ente Nacional de Obras H\u00eddricas de Saneamiento -Enohsa-<\/strong>&nbsp;pero su valor de $1.400 millones, data de fines de 2022, por lo que est\u00e1 absolutamente desactualizado.<\/p>\n\n\n\n<p>Para reactivar la obra, Lo Presti explic\u00f3 que el municipio pondr\u00e1 $400 millones, pero que ya est\u00e1n en tratativas nuevamente con el Enohsa para reactivar la financiaci\u00f3n.<\/p>\n\n\n\n<h2 class=\"wp-block-heading\">Un proyecto necesario que lleva 10 meses de retraso<\/h2>\n\n\n\n<p>Lo Presti manifest\u00f3 que &#8220;<strong>nosotros hoy estamos readecuando el contrato y le daremos inicio<\/strong>&nbsp;con&nbsp;<strong>financiamiento propio<\/strong>&nbsp;hasta que se destrabe la situaci\u00f3n nacional&#8221;.<\/p>\n\n\n\n<p>El intendente explic\u00f3, adem\u00e1s, que la<strong>\u00a0iniciativa lleva casi 10 meses de retraso<\/strong>, estamos formalizando todos los requerimientos que pide el<strong>\u00a0Enohsa\u00a0<\/strong>-como el de tener un responsable t\u00e9cnico y contable de la obra- para enviar los fondos.<\/p>\n\n\n\n<p>Adem\u00e1s,&nbsp;<strong>Lo Presti destac\u00f3 que reci\u00e9n ahora han vuelto a tener un contacto en el ente<\/strong>, porque desde el fin de la gesti\u00f3n anterior no ten\u00edan a qui\u00e9n dirigirse. Ahora han iniciado conversaciones con el titular del Enohsa,<strong>&nbsp;Vicente Heredia<\/strong>.<\/p>\n\n\n\n<p>Sin embargo, para comenzar r\u00e1pido y que los tiempos no se extiendan indefinidamente,&nbsp;<strong>el municipio pondr\u00e1 400 millones de pesos.<\/strong><\/p>\n\n\n\n<h2 class=\"wp-block-heading\">Agua potable para 64.000 vecinos de Las Heras<\/h2>\n\n\n\n<p>El proyecto Pedemonte Norte&nbsp;<strong>servir\u00e1 para abastecer a 64.000 personas que viven en la zona de El Challao,<\/strong>&nbsp;un lugar en el que hist\u00f3ricamente ha faltado el agua potable.<\/p>\n\n\n\n<p>Por esto la obra es tan importante, porque al extenderse los barrios en esta zona del Gran Mendoza, la falta de agua se hace sentir cada vez m\u00e1s.<\/p>\n\n\n\n<p>De hecho, Lo Presti manifest\u00f3 que esta tarde estuvo reunido con el presidente del&nbsp;<strong>Departamento General de Irrigaci\u00f3n (DGI), Sergio Marinelli, para solicitarle sumar puntos de carga para llenar los camiones que distribuyen el agua en los barrios de El Challao.<\/strong><\/p>\n\n\n\n<p>El sistema continuar\u00e1 funcionando de esta forma hasta que la obra de agua est\u00e9 lista, pero al menos demorar\u00e1 24 meses, manifest\u00f3 Lo Presti.<\/p>\n\n\n\n<h2 class=\"wp-block-heading\">Seg\u00fan el Gobierno, el proyecto siempre fue de AYSAM<\/h2>\n\n\n\n<p>En julio pasado y tras el anuncio de Orozco, el actual ministro de Gobierno,&nbsp;<strong>Natalio Mema, hab\u00eda advertido que este proyecto no era del municipio, sino de AYSAM.<\/strong><\/p>\n\n\n\n<p>&#8220;Esta&nbsp;<strong>obra que anunci\u00f3 Daniel Orozco es un proyecto de AYSAM,<\/strong>&nbsp;que ya se ven\u00eda ejecutando con un presupuesto de&nbsp;<strong>150 millones de d\u00f3lares<\/strong>, buena parte con fondos del Enhosa (Ente Nacional De Obras H\u00eddricas De Saneamiento)&#8221;, asegur\u00f3 Mema.<\/p>\n\n\n\n<p>Dijo, adem\u00e1s, que<strong>&nbsp;&#8220;Esto era un convenio que firm\u00f3 la Provincia con Municipalidad de Las Heras el a\u00f1o pasado por gestiones de Francisco Lo Presti<\/strong>. La comuna lo licit\u00f3 y adjudic\u00f3. El Gobierno de Mendoza se comprometi\u00f3 a pagar la mitad del anticipo de obra y as\u00ed lo hizo&#8221;.<\/p>\n\n\n\n<p>En un principio, la Provincia hizo el primer aporte y Las Heras ten\u00eda que hacer lo propio, pero seg\u00fan manifest\u00f3 Mema en su momento, Orozco paraliz\u00f3 las obras y la inflaci\u00f3n hizo el resto.<\/p>\n\n\n\n<p>FUENTE: Diariouno.com.ar<\/p>\n","protected":false},"excerpt":{"rendered":"<p>Francisco Lo Presti asever\u00f3 que ya est\u00e1n en tratativas con el nuevo titular del Enohsa, ente que financiar\u00e1 la obra. Tras ser licitada, la construcci\u00f3n del acueducto Pedemonte Norte lleva frenada 10 meses Tras la paralizaci\u00f3n de la obra, el intendente de Las Heras,\u00a0Francisco Lo Presti, cont\u00f3 a\u00a0Diario UNO\u00a0que el municipio va a retomar el [&hellip;]<\/p>\n","protected":false},"author":2,"featured_media":4542,"comment_status":"open","ping_status":"open","sticky":true,"template":"","format":"standard","meta":[],"categories":[47],"tags":[],"_links":{"self":[{"href":"https:\/\/pasaenmendoza.com\/index.php?rest_route=\/wp\/v2\/posts\/4541"}],"collection":[{"href":"https:\/\/pasaenmendoza.com\/index.php?rest_route=\/wp\/v2\/posts"}],"about":[{"href":"https:\/\/pasaenmendoza.com\/index.php?rest_route=\/wp\/v2\/types\/post"}],"author":[{"embeddable":true,"href":"https:\/\/pasaenmendoza.com\/index.php?rest_route=\/wp\/v2\/users\/2"}],"replies":[{"embeddable":true,"href":"https:\/\/pasaenmendoza.com\/index.php?rest_route=%2Fwp%2Fv2%2Fcomments&post=4541"}],"version-history":[{"count":1,"href":"https:\/\/pasaenmendoza.com\/index.php?rest_route=\/wp\/v2\/posts\/4541\/revisions"}],"predecessor-version":[{"id":4543,"href":"https:\/\/pasaenmendoza.com\/index.php?rest_route=\/wp\/v2\/posts\/4541\/revisions\/4543"}],"wp:featuredmedia":[{"embeddable":true,"href":"https:\/\/pasaenmendoza.com\/index.php?rest_route=\/wp\/v2\/media\/4542"}],"wp:attachment":[{"href":"https:\/\/pasaenmendoza.com\/index.php?rest_route=%2Fwp%2Fv2%2Fmedia&parent=4541"}],"wp:term":[{"taxonomy":"category","embeddable":true,"href":"https:\/\/pasaenmendoza.com\/index.php?rest_route=%2Fwp%2Fv2%2Fcategories&post=4541"},{"taxonomy":"post_tag","embeddable":true,"href":"https:\/\/pasaenmendoza.com\/index.php?rest_route=%2Fwp%2Fv2%2Ftags&post=4541"}],"curies":[{"name":"wp","href":"https:\/\/api.w.org\/{rel}","templated":true}]}}