{"id":4544,"date":"2024-01-15T13:30:16","date_gmt":"2024-01-15T12:30:16","guid":{"rendered":"https:\/\/pasaenmendoza.com\/?p=4544"},"modified":"2024-01-15T13:30:18","modified_gmt":"2024-01-15T12:30:18","slug":"cobos-cuestiono-con-un-grafico-el-inedito-plazo-y-las-facultades-que-pide-milei-en-la-ley-omnibus","status":"publish","type":"post","link":"https:\/\/pasaenmendoza.com\/?p=4544","title":{"rendered":"Cobos cuestion\u00f3 con un gr\u00e1fico el in\u00e9dito plazo y las facultades que pide Milei en la Ley \u00d3mnibus"},"content":{"rendered":"\n<p>l diputado nacional por el radicalismo dimension\u00f3 &#8220;lo que estamos tratando en el Congreso&#8221; y dej\u00f3 firme su opini\u00f3n sobre la delegaci\u00f3n de facultades legislativas al Ejecutivo: &#8220;La excepci\u00f3n no debe ser la regla&#8221;<\/p>\n\n\n\n<p>El diputado nacional\u00a0<strong>Julio Cobos (UCR)<\/strong>\u00a0explic\u00f3 con un gr\u00e1fico la magnitud de la\u00a0<strong>delegaci\u00f3n de facultades legislativas que el presidente Javier Milei<\/strong>\u00a0pretende mediante la aprobaci\u00f3n de la\u00a0<strong>Ley \u00d3mnibus<\/strong>\u00a0que est\u00e1 tratando el Congreso\u00a0en per\u00edodo de sesiones extraordinarias.<\/p>\n\n\n\n<p>El mendocino cuestion\u00f3 firmemente la posici\u00f3n del Presidente y mostr\u00f3 que su pedido\u00a0<strong>supera ampliamente, no solo en materias sino tambi\u00e9n en plazo, los anteriores de Fernando De La R\u00faa, Eduardo Duhalde, Alberto Fern\u00e1ndez y Cristina Fern\u00e1ndez<\/strong>.<\/p>\n\n\n\n<p>&#8220;Facultades delegadas, una excepci\u00f3n que no debe ser regla&#8221;, expres\u00f3 Cobos para dejar en claro su posici\u00f3n. El secretario parlamentario del radicalismo Alejandro Cacace acompa\u00f1\u00f3 su opini\u00f3n.<\/p>\n\n\n\n<h2 class=\"wp-block-heading\">Qu\u00e9 son las facultades delegadas y qu\u00e9 pide Javier Milei con la Ley \u00d3mnibus<\/h2>\n\n\n\n<p><strong>Once facultades propiamente legislativas durante sus cuatro a\u00f1os de gobierno es lo que pidi\u00f3 Javier Milei&nbsp;<\/strong>mediante el proyecto de la Ley \u00d3mnibus. Uno de los cuestionamientos lleg\u00f3 desde el radicalismo, que no est\u00e1 dispuesto a ceder respecto de la totalidad de la solicitud.<\/p>\n\n\n\n<p>Como dej\u00f3 en evidencia Julio Cobos,&nbsp;<strong>es mucho m\u00e1s de lo que en alg\u00fan momento tuvieron otros presidentes como Cristina Fern\u00e1ndez, N\u00e9stor Kirchner y Mauricio Macri<\/strong>, que no pasaron de cinco facultades y solo por un a\u00f1o. O el propio&nbsp;<strong>Alberto Fern\u00e1ndez<\/strong>, que en raz\u00f3n de la emergencia por pandemia obtuvo nueve facultades, tambi\u00e9n por un a\u00f1o.<\/p>\n\n\n\n<p><strong>El pedido de Milei supera incluso a los de De La R\u00faa y Duhalde<\/strong>, quienes pidieron cuatro y cinco materias delegadas, respectivamente, por dos a\u00f1os.<\/p>\n\n\n\n<p>Esta es la\u00a0<strong>comparativa<\/strong>\u00a0que public\u00f3 el exgobernador de Mendoza:<\/p>\n\n\n\n<p>El objetivo de Cobos es que sus seguidores observen&nbsp;<strong>la &#8220;dimensi\u00f3n&#8221;<\/strong>&nbsp;-seg\u00fan la palabra que utiliz\u00f3- de lo que los legisladores est\u00e1n tratando en el Congreso; y, por tanto,&nbsp;<strong>las consecuencias que esto podr\u00eda acarrear<\/strong>.<\/p>\n\n\n\n<p>La delegaci\u00f3n de facultades se da en el proyecto de ley por la declaraci\u00f3n de emergencia en diferentes materias.<\/p>\n\n\n\n<p><strong>La Constituci\u00f3n nacional proh\u00edbe en su art\u00edculo 76 la delegaci\u00f3n legislativa, pero la habilita por cuestiones determinadas<\/strong>&nbsp;de administraci\u00f3n o en casos de emergencia p\u00fablica, con bases establecidas por ley y con un plazo determinado.<\/p>\n\n\n\n<p>Si lo consigue, durante ese per\u00edodo, el Presidente puede ejercer funciones legislativas a trav\u00e9s de decretos.&nbsp;<strong>Los mismos luego deben ser controlados por la Comisi\u00f3n Bicameral legislativa por la que tambi\u00e9n pasan los DNU<\/strong>.<\/p>\n\n\n\n<p>El art\u00edculo 1 de la Ley \u00d3mnibus reza: &#8220;La presente ley contiene delegaciones legislativas al Poder Ejecutivo Nacional de\u00a0<strong>emergencia p\u00fablica en materia econ\u00f3mica, financiera, fiscal, social, previsional, de seguridad, defensa, tarifaria, energ\u00e9tica, sanitaria y social<\/strong>&#8220;. Ah\u00ed est\u00e1n las 11 materias de las que habla Cobos.<\/p>\n\n\n\n<p>En el caso de Milei, declara la emergencia, y por tanto la delegaci\u00f3n de facultades en esas materias,&nbsp;<strong>por cuatro a\u00f1os, un plazo que hasta ahora nunca se hab\u00eda otorgado<\/strong>&nbsp;dado que se trata de una habilitaci\u00f3n excepcional y limitada.<\/p>\n\n\n\n<p>La intenci\u00f3n constitucional es que, efectivamente, durante la emergencia, el Ejecutivo ejerza temporalmente algunas facultades propias del Congreso. Entonces, durante ese per\u00edodo, el Presidente, con su firma y la del Jefe de Gabinete,\u00a0<strong>podr\u00eda &#8220;legislar&#8221; mediante decretos cumpliendo con lo que surja de las bases de delegaci\u00f3n que el propio Congreso haya dictado<\/strong>.<\/p>\n\n\n\n<p>FUENTE: Diariouno.com.ar <\/p>\n","protected":false},"excerpt":{"rendered":"<p>l diputado nacional por el radicalismo dimension\u00f3 &#8220;lo que estamos tratando en el Congreso&#8221; y dej\u00f3 firme su opini\u00f3n sobre la delegaci\u00f3n de facultades legislativas al Ejecutivo: &#8220;La excepci\u00f3n no debe ser la regla&#8221; El diputado nacional\u00a0Julio Cobos (UCR)\u00a0explic\u00f3 con un gr\u00e1fico la magnitud de la\u00a0delegaci\u00f3n de facultades legislativas que el presidente Javier Milei\u00a0pretende mediante [&hellip;]<\/p>\n","protected":false},"author":2,"featured_media":4546,"comment_status":"open","ping_status":"open","sticky":true,"template":"","format":"standard","meta":[],"categories":[47],"tags":[],"_links":{"self":[{"href":"https:\/\/pasaenmendoza.com\/index.php?rest_route=\/wp\/v2\/posts\/4544"}],"collection":[{"href":"https:\/\/pasaenmendoza.com\/index.php?rest_route=\/wp\/v2\/posts"}],"about":[{"href":"https:\/\/pasaenmendoza.com\/index.php?rest_route=\/wp\/v2\/types\/post"}],"author":[{"embeddable":true,"href":"https:\/\/pasaenmendoza.com\/index.php?rest_route=\/wp\/v2\/users\/2"}],"replies":[{"embeddable":true,"href":"https:\/\/pasaenmendoza.com\/index.php?rest_route=%2Fwp%2Fv2%2Fcomments&post=4544"}],"version-history":[{"count":1,"href":"https:\/\/pasaenmendoza.com\/index.php?rest_route=\/wp\/v2\/posts\/4544\/revisions"}],"predecessor-version":[{"id":4547,"href":"https:\/\/pasaenmendoza.com\/index.php?rest_route=\/wp\/v2\/posts\/4544\/revisions\/4547"}],"wp:featuredmedia":[{"embeddable":true,"href":"https:\/\/pasaenmendoza.com\/index.php?rest_route=\/wp\/v2\/media\/4546"}],"wp:attachment":[{"href":"https:\/\/pasaenmendoza.com\/index.php?rest_route=%2Fwp%2Fv2%2Fmedia&parent=4544"}],"wp:term":[{"taxonomy":"category","embeddable":true,"href":"https:\/\/pasaenmendoza.com\/index.php?rest_route=%2Fwp%2Fv2%2Fcategories&post=4544"},{"taxonomy":"post_tag","embeddable":true,"href":"https:\/\/pasaenmendoza.com\/index.php?rest_route=%2Fwp%2Fv2%2Ftags&post=4544"}],"curies":[{"name":"wp","href":"https:\/\/api.w.org\/{rel}","templated":true}]}}