{"id":4545,"date":"2024-01-15T13:39:13","date_gmt":"2024-01-15T12:39:13","guid":{"rendered":"https:\/\/pasaenmendoza.com\/?p=4545"},"modified":"2024-01-15T13:39:15","modified_gmt":"2024-01-15T12:39:15","slug":"el-tiempo-en-mendoza-doble-alerta-por-zonda-y-tormentas-en-un-lunes-caluroso","status":"publish","type":"post","link":"https:\/\/pasaenmendoza.com\/?p=4545","title":{"rendered":"El tiempo en Mendoza: doble alerta por Zonda y tormentas en un lunes caluroso"},"content":{"rendered":"\n<p>La semana arranca calurosa, con cielo algo nublado, tormentas hacia la noche y vientos moderados del noreste.&nbsp;<mark>La m\u00ednima ser\u00e1 de 20 grados y la m\u00e1xima estimada ser\u00e1 de 35.<\/mark><\/p>\n\n\n\n<p>Adem\u00e1s, el\u00a0<strong>Servicio Meteorol\u00f3gico Nacional (SMN)<\/strong>\u00a0emiti\u00f3 un\u00a0<mark>alerta por<strong>\u00a0Zonda<\/strong>\u00a0<\/mark>que afectar\u00e1 la precordillera de Las Heras, Luj\u00e1n de Cuyo, Valle de Uco y la zona baja de Malarg\u00fce.<\/p>\n\n\n\n<p>Tambi\u00e9n hay\u00a0<mark>alerta por\u00a0<strong>tormentas aisladas, con posible ca\u00edda de granizo.<\/strong>\u00a0<\/mark>Las zonas afectadas son: Sur, Este, Valle de Uco y sectores del Gran Mendoza.<\/p>\n\n\n\n<p>Hay una aproximaci\u00f3n de un frente fr\u00edo que producir\u00eda circulaci\u00f3n de viento Sur por la tarde-noche en Alvear y zona Este.<\/p>\n\n\n\n<p>Para el<strong>\u00a0martes<\/strong>\u00a0se prev\u00e9 \u201ccielo parcialmente nublado con descenso de la temperatura, vientos moderados del sector sur\u201d.\u00a0<mark>La m\u00ednima ser\u00e1 de 23 grados y la m\u00e1xima de 30.<\/mark><\/p>\n\n\n\n<p>En tanto, para el\u00a0<strong>mi\u00e9rcoles<\/strong>\u00a0se pronostica \u201cpoca nubosidad con ascenso de la temperatura, vientos moderados del noreste\u201d.\u00a0<mark>La m\u00ednima ser\u00e1 de 20 grados y la m\u00e1xima de 34.<\/mark><\/p>\n\n\n\n<p><strong>La situaci\u00f3n en alta monta\u00f1a<\/strong><\/p>\n\n\n\n<p>El&nbsp;<strong>Sistema Integrado Cristo Redentor<\/strong>&nbsp;se encuentra&nbsp;<mark>habilitado<\/mark>&nbsp;para todo tipo de veh\u00edculos, durante las 24 horas.<\/p>\n\n\n\n<p>El<strong>\u00a0paso Pehuenche<\/strong>\u00a0est\u00e1\u00a0<mark>transitable<\/mark>, de 9 a 19.<\/p>\n\n\n\n<p><strong>Fuente: www.elsol.com.ar<\/strong><\/p>\n","protected":false},"excerpt":{"rendered":"<p>La semana arranca calurosa, con cielo algo nublado, tormentas hacia la noche y vientos moderados del noreste.&nbsp;La m\u00ednima ser\u00e1 de 20 grados y la m\u00e1xima estimada ser\u00e1 de 35. Adem\u00e1s, el\u00a0Servicio Meteorol\u00f3gico Nacional (SMN)\u00a0emiti\u00f3 un\u00a0alerta por\u00a0Zonda\u00a0que afectar\u00e1 la precordillera de Las Heras, Luj\u00e1n de Cuyo, Valle de Uco y la zona baja de Malarg\u00fce. Tambi\u00e9n [&hellip;]<\/p>\n","protected":false},"author":2,"featured_media":4548,"comment_status":"open","ping_status":"open","sticky":false,"template":"","format":"standard","meta":[],"categories":[46,52],"tags":[],"_links":{"self":[{"href":"https:\/\/pasaenmendoza.com\/index.php?rest_route=\/wp\/v2\/posts\/4545"}],"collection":[{"href":"https:\/\/pasaenmendoza.com\/index.php?rest_route=\/wp\/v2\/posts"}],"about":[{"href":"https:\/\/pasaenmendoza.com\/index.php?rest_route=\/wp\/v2\/types\/post"}],"author":[{"embeddable":true,"href":"https:\/\/pasaenmendoza.com\/index.php?rest_route=\/wp\/v2\/users\/2"}],"replies":[{"embeddable":true,"href":"https:\/\/pasaenmendoza.com\/index.php?rest_route=%2Fwp%2Fv2%2Fcomments&post=4545"}],"version-history":[{"count":1,"href":"https:\/\/pasaenmendoza.com\/index.php?rest_route=\/wp\/v2\/posts\/4545\/revisions"}],"predecessor-version":[{"id":4549,"href":"https:\/\/pasaenmendoza.com\/index.php?rest_route=\/wp\/v2\/posts\/4545\/revisions\/4549"}],"wp:featuredmedia":[{"embeddable":true,"href":"https:\/\/pasaenmendoza.com\/index.php?rest_route=\/wp\/v2\/media\/4548"}],"wp:attachment":[{"href":"https:\/\/pasaenmendoza.com\/index.php?rest_route=%2Fwp%2Fv2%2Fmedia&parent=4545"}],"wp:term":[{"taxonomy":"category","embeddable":true,"href":"https:\/\/pasaenmendoza.com\/index.php?rest_route=%2Fwp%2Fv2%2Fcategories&post=4545"},{"taxonomy":"post_tag","embeddable":true,"href":"https:\/\/pasaenmendoza.com\/index.php?rest_route=%2Fwp%2Fv2%2Ftags&post=4545"}],"curies":[{"name":"wp","href":"https:\/\/api.w.org\/{rel}","templated":true}]}}