{"id":4550,"date":"2024-01-15T13:54:44","date_gmt":"2024-01-15T12:54:44","guid":{"rendered":"https:\/\/pasaenmendoza.com\/?p=4550"},"modified":"2024-01-15T13:54:45","modified_gmt":"2024-01-15T12:54:45","slug":"ordenaron-secuestrar-las-armas-a-dos-policias-por-el-crimen-de-la-disenadora","status":"publish","type":"post","link":"https:\/\/pasaenmendoza.com\/?p=4550","title":{"rendered":"Ordenaron secuestrar las armas a dos polic\u00edas por el crimen de la dise\u00f1adora"},"content":{"rendered":"\n<p>La investigaci\u00f3n por el crimen de la&nbsp;<strong>dise\u00f1adora Mariana Dom\u00ednguez<\/strong>, que muri\u00f3 tras ser impactada por una bala perdida en los festejos de<strong>&nbsp;Navidad<\/strong>, present\u00f3 una nueva hip\u00f3tesis para descartar algunas posibilidades. Este domingo,&nbsp;<mark>la Fiscal\u00eda de Homicidios orden\u00f3 el secuestro de las armas a dos polic\u00edas<\/mark>&nbsp;de la&nbsp;<strong>Comisar\u00eda 27<\/strong>&nbsp;de&nbsp;<strong>Godoy Cruz<\/strong>&nbsp;para realizar un cotejo bal\u00edstico.<\/p>\n\n\n\n<p><mark>Los dos uniformados de la dependencia policial no aparecen en la causa como sospechosos<\/mark>, ya que no hay ninguna prueba o indicio que apunte hacia ellos. En principio, los primeros estudios habr\u00edan dado negativo, pero las armas ser\u00e1n entregadas por los agentes este lunes.<\/p>\n\n\n\n<p>La premisa de los investigadores es\u00a0<mark>descartar posibilidades, ya que las pericias que ha realizado la Polic\u00eda Cient\u00edfica ha dado un radio de d\u00f3nde podr\u00eda haber sido disparada la bala<\/mark>\u00a0que dej\u00f3 sin vida a la chica de 28 a\u00f1os.<\/p>\n\n\n\n<p><mark>La dependencia policial se ubica a unos 950 metros de la vivienda<\/mark>&nbsp;donde ocurri\u00f3 el hecho, seg\u00fan la aplicaci\u00f3n de mapas de Google. Los peritos detectaron que la bala hab\u00eda roto una tela media sombra ubicada en el patio de la casa y que, se cree, coincide con la trayectoria del proyectil. A la vez,&nbsp;<mark>calcularon que la bala habr\u00eda sido disparada en un radio de 300 a 400 metros.<\/mark><\/p>\n\n\n\n<p>A la par,&nbsp;<mark>tambi\u00e9n han secuestrado otras armas en manos de civiles<\/mark>, pero se plante\u00f3 tambi\u00e9n que era necesario contar con las pistolas que detentan los uniformados.<\/p>\n\n\n\n<p>En otras palabras, se est\u00e1n agotando todas las posibilidades en funci\u00f3n de las armas registradas oficialmente para\u00a0<mark>realizar un cotejo de bal\u00edstica<\/mark>.<\/p>\n\n\n\n<p>La medida fue ordenada por el fiscal de Homicidios&nbsp;<strong>Carlos Torres<\/strong>, que subrog\u00f3 durante la feria judicial al fiscal Gustavo Pirrello.<\/p>\n\n\n\n<p>Mariana Dom\u00ednguez muri\u00f3 en los primeros minutos del 25 de diciembre por el impacto de un proyectil en la cabeza, mientras festejaba la Navidad junto a su familia en una casa de la calle Picheuta, del barrio City Father de Godoy Cruz.<\/p>\n\n\n\n<p>La reconstrucci\u00f3n del hecho se realiz\u00f3 a fines de diciembre, con personal de Polic\u00eda Cient\u00edfica para tener una mayor precisi\u00f3n del origen del proyectil que mat\u00f3 a la dise\u00f1adora.<\/p>\n\n\n\n<p>El Ministerio de Seguridad ofreci\u00f3 m\u00e1s de un mill\u00f3n y medio de pesos para dar con el responsable de la muerte de Mariana Dom\u00ednguez.<\/p>\n\n\n\n<p>La medida hab\u00eda sido ordenada por el fiscal Pirrello debido a las pocas pistas que se tienen sobre el crimen de la artista.<\/p>\n\n\n\n<p><strong>Fuente: www.elsol.com.ar<\/strong><\/p>\n","protected":false},"excerpt":{"rendered":"<p>La investigaci\u00f3n por el crimen de la&nbsp;dise\u00f1adora Mariana Dom\u00ednguez, que muri\u00f3 tras ser impactada por una bala perdida en los festejos de&nbsp;Navidad, present\u00f3 una nueva hip\u00f3tesis para descartar algunas posibilidades. Este domingo,&nbsp;la Fiscal\u00eda de Homicidios orden\u00f3 el secuestro de las armas a dos polic\u00edas&nbsp;de la&nbsp;Comisar\u00eda 27&nbsp;de&nbsp;Godoy Cruz&nbsp;para realizar un cotejo bal\u00edstico. Los dos uniformados de [&hellip;]<\/p>\n","protected":false},"author":2,"featured_media":4552,"comment_status":"open","ping_status":"open","sticky":false,"template":"","format":"standard","meta":[],"categories":[48],"tags":[],"_links":{"self":[{"href":"https:\/\/pasaenmendoza.com\/index.php?rest_route=\/wp\/v2\/posts\/4550"}],"collection":[{"href":"https:\/\/pasaenmendoza.com\/index.php?rest_route=\/wp\/v2\/posts"}],"about":[{"href":"https:\/\/pasaenmendoza.com\/index.php?rest_route=\/wp\/v2\/types\/post"}],"author":[{"embeddable":true,"href":"https:\/\/pasaenmendoza.com\/index.php?rest_route=\/wp\/v2\/users\/2"}],"replies":[{"embeddable":true,"href":"https:\/\/pasaenmendoza.com\/index.php?rest_route=%2Fwp%2Fv2%2Fcomments&post=4550"}],"version-history":[{"count":1,"href":"https:\/\/pasaenmendoza.com\/index.php?rest_route=\/wp\/v2\/posts\/4550\/revisions"}],"predecessor-version":[{"id":4553,"href":"https:\/\/pasaenmendoza.com\/index.php?rest_route=\/wp\/v2\/posts\/4550\/revisions\/4553"}],"wp:featuredmedia":[{"embeddable":true,"href":"https:\/\/pasaenmendoza.com\/index.php?rest_route=\/wp\/v2\/media\/4552"}],"wp:attachment":[{"href":"https:\/\/pasaenmendoza.com\/index.php?rest_route=%2Fwp%2Fv2%2Fmedia&parent=4550"}],"wp:term":[{"taxonomy":"category","embeddable":true,"href":"https:\/\/pasaenmendoza.com\/index.php?rest_route=%2Fwp%2Fv2%2Fcategories&post=4550"},{"taxonomy":"post_tag","embeddable":true,"href":"https:\/\/pasaenmendoza.com\/index.php?rest_route=%2Fwp%2Fv2%2Ftags&post=4550"}],"curies":[{"name":"wp","href":"https:\/\/api.w.org\/{rel}","templated":true}]}}