{"id":4554,"date":"2024-01-15T14:00:08","date_gmt":"2024-01-15T13:00:08","guid":{"rendered":"https:\/\/pasaenmendoza.com\/?p=4554"},"modified":"2024-01-15T14:00:10","modified_gmt":"2024-01-15T13:00:10","slug":"identificaron-el-cadaver-hallado-en-villavicencio","status":"publish","type":"post","link":"https:\/\/pasaenmendoza.com\/?p=4554","title":{"rendered":"Identificaron el cad\u00e1ver hallado en Villavicencio"},"content":{"rendered":"\n<p>El&nbsp;<strong>cad\u00e1ver encontrado este s\u00e1bado en Villavicencio<\/strong>&nbsp;fue&nbsp;<strong>identificado<\/strong>&nbsp;por la Fiscal\u00eda de Homicidios. Todo indica que se trata de un&nbsp;<strong>sanjuanino de unos 35 a\u00f1os con una enfermedad mental<\/strong>. El primer informe del&nbsp;<strong>Forense<\/strong>&nbsp;da cuenta que el cuerpo<strong>&nbsp;no presenta signos de violencia.<\/strong><\/p>\n\n\n\n<p><strong>Fuentes judiciales<\/strong>\u00a0le confirmaron al\u00a0<strong>POST<\/strong>\u00a0que la\u00a0<strong>identidad del hombre\u00a0<\/strong>encontrado en las cercan\u00edas del denominado Puesto del Chavo:\u00a0<strong>Mario Peralta Castro<\/strong>. La filiaci\u00f3n fue corroborada gracias a que<strong>\u00a0cerca del cad\u00e1ver estaba la mochila<\/strong>, donde hab\u00eda dinero, documentos y un\u00a0<strong>carnet de discapacidad por la enfermedad que padec\u00eda<\/strong>.\u00a0<\/p>\n\n\n\n<p>Tambi\u00e9n establecieron que ten\u00eda domicilio en San Juan, por lo cual la&nbsp;<strong>fiscal de Homicidios Andrea Lazo<\/strong>&nbsp;solicit\u00f3 que busquen a sus familiares en la vecina provincia. Durante la tarde de este domingo, lograron dar con la&nbsp;<strong>familia de Mario Peralta Castro<\/strong>&nbsp;y le informaron sobre su muerte. En paralelo, la&nbsp;<strong>fuente<\/strong>&nbsp;consultada por el&nbsp;<strong>POST<\/strong>&nbsp;detall\u00f3 que: &#8220;<strong>El hombre viv\u00eda en un hogar del Hospital de Rawson (San Juan)&#8221;<\/strong>.<\/p>\n\n\n\n<p>Por otro lado, est\u00e1 casi\u00a0descartado que el hombre haya sido v\u00edctima de una muerte violenta\u00a0por la acci\u00f3n de terceros, debido a que el Cuerpo M\u00e9dico Forense en su examen preliminar no encontr\u00f3 signos de violencia en el cad\u00e1ver. De todos modos, a\u00fan faltan an\u00e1lisis para completar el informe final en el que quedar\u00e1 determinada la causa del deceso.<\/p>\n\n\n\n<p>En ese sentido, s\u00ed pudieron establecer que el hombre habr\u00eda muerto hace unos 15 d\u00edas, el mismo tiempo que habr\u00eda estado el cad\u00e1ver en el lugar donde fue encontrado.<\/p>\n\n\n\n<p><strong>Fuente: www.mendozapost.com<\/strong><\/p>\n","protected":false},"excerpt":{"rendered":"<p>El&nbsp;cad\u00e1ver encontrado este s\u00e1bado en Villavicencio&nbsp;fue&nbsp;identificado&nbsp;por la Fiscal\u00eda de Homicidios. Todo indica que se trata de un&nbsp;sanjuanino de unos 35 a\u00f1os con una enfermedad mental. El primer informe del&nbsp;Forense&nbsp;da cuenta que el cuerpo&nbsp;no presenta signos de violencia. Fuentes judiciales\u00a0le confirmaron al\u00a0POST\u00a0que la\u00a0identidad del hombre\u00a0encontrado en las cercan\u00edas del denominado Puesto del Chavo:\u00a0Mario Peralta Castro. La [&hellip;]<\/p>\n","protected":false},"author":2,"featured_media":4558,"comment_status":"open","ping_status":"open","sticky":false,"template":"","format":"standard","meta":[],"categories":[48],"tags":[],"_links":{"self":[{"href":"https:\/\/pasaenmendoza.com\/index.php?rest_route=\/wp\/v2\/posts\/4554"}],"collection":[{"href":"https:\/\/pasaenmendoza.com\/index.php?rest_route=\/wp\/v2\/posts"}],"about":[{"href":"https:\/\/pasaenmendoza.com\/index.php?rest_route=\/wp\/v2\/types\/post"}],"author":[{"embeddable":true,"href":"https:\/\/pasaenmendoza.com\/index.php?rest_route=\/wp\/v2\/users\/2"}],"replies":[{"embeddable":true,"href":"https:\/\/pasaenmendoza.com\/index.php?rest_route=%2Fwp%2Fv2%2Fcomments&post=4554"}],"version-history":[{"count":1,"href":"https:\/\/pasaenmendoza.com\/index.php?rest_route=\/wp\/v2\/posts\/4554\/revisions"}],"predecessor-version":[{"id":4559,"href":"https:\/\/pasaenmendoza.com\/index.php?rest_route=\/wp\/v2\/posts\/4554\/revisions\/4559"}],"wp:featuredmedia":[{"embeddable":true,"href":"https:\/\/pasaenmendoza.com\/index.php?rest_route=\/wp\/v2\/media\/4558"}],"wp:attachment":[{"href":"https:\/\/pasaenmendoza.com\/index.php?rest_route=%2Fwp%2Fv2%2Fmedia&parent=4554"}],"wp:term":[{"taxonomy":"category","embeddable":true,"href":"https:\/\/pasaenmendoza.com\/index.php?rest_route=%2Fwp%2Fv2%2Fcategories&post=4554"},{"taxonomy":"post_tag","embeddable":true,"href":"https:\/\/pasaenmendoza.com\/index.php?rest_route=%2Fwp%2Fv2%2Ftags&post=4554"}],"curies":[{"name":"wp","href":"https:\/\/api.w.org\/{rel}","templated":true}]}}