{"id":4557,"date":"2024-01-15T14:05:44","date_gmt":"2024-01-15T13:05:44","guid":{"rendered":"https:\/\/pasaenmendoza.com\/?p=4557"},"modified":"2024-01-15T14:05:45","modified_gmt":"2024-01-15T13:05:45","slug":"los-estatales-renuevan-su-protesta-contra-milei-y-se-dirigiran-al-centro-cultural-kirchner","status":"publish","type":"post","link":"https:\/\/pasaenmendoza.com\/?p=4557","title":{"rendered":"Los estatales renuevan su protesta contra Milei y se dirigir\u00e1n al Centro Cultural Kirchner"},"content":{"rendered":"\n<p>El Frente de gremios estatales realizar\u00e1 este lunes una &#8220;jornada nacional de lucha&#8221; en las puertas del Centro Cultural Kirchner (CCK) en contra de las pol\u00edticas promovidas por el Gobierno de\u00a0<strong>Javier Milei<\/strong>.\u00a0La manifestaci\u00f3n, que tiene como consigna ir &#8220;contra el ajuste, el desguace y los despidos en distintas \u00e1reas del Estado&#8221;,\u00a0tendr\u00e1 como epicentro una concentraci\u00f3n desde las 11 frente al edificio cultural. A su vez, cada provincia &#8220;definir\u00e1 sus propias modalidades de protesta&#8221;.<\/p>\n\n\n\n<p>&#8220;El Gobierno despide del Estado por varias v\u00edas, por carta documento pero tambi\u00e9n por una rebaja salarial constante que es la que est\u00e1 aplicando con sus medidas, con un 25,5% de inflaci\u00f3n s\u00f3lo en el mes de diciembre o con su intento de eliminar las horas extras&#8221;, denunci\u00f3 el secretario General de\u00a0<strong>ATE<\/strong>\u00a0Nacional, Rodolfo Aguiar.<\/p>\n\n\n\n<p>Respecto a las intimidaciones de pagos millonarios que impuls\u00f3 al Gobierno a varias organizaciones sociales y gremios, el sindicalista lo calific\u00f3 como &#8220;un intento de disciplinar, amedrentar e infundir miedo y temor&#8221;.<\/p>\n\n\n\n<p>Por lo tanto, demand\u00f3\u00a0&#8220;la inmediata reincorporaci\u00f3n de todos los trabajadores que han sido despedidos sin causa justificada y que afectan el funcionamiento de numerosas \u00e1reas del Estado ya que los mismos cumplen roles esenciales y realizan tareas indispensables\u201d.<\/p>\n\n\n\n<p>En ese sentido, ATE respondi\u00f3 con &#8220;una carta documento&#8221; donde &#8220;se exigi\u00f3 el cese del absurdo, irrazonable e ilegal intento de enriquecimiento sin causa&#8221; en una notificaci\u00f3n formal remitida a la ministra de Capital Humano, Sandra Pettovello.<\/p>\n\n\n\n<p><strong>Fuente: www.mdzol.com<\/strong><\/p>\n","protected":false},"excerpt":{"rendered":"<p>El Frente de gremios estatales realizar\u00e1 este lunes una &#8220;jornada nacional de lucha&#8221; en las puertas del Centro Cultural Kirchner (CCK) en contra de las pol\u00edticas promovidas por el Gobierno de\u00a0Javier Milei.\u00a0La manifestaci\u00f3n, que tiene como consigna ir &#8220;contra el ajuste, el desguace y los despidos en distintas \u00e1reas del Estado&#8221;,\u00a0tendr\u00e1 como epicentro una concentraci\u00f3n [&hellip;]<\/p>\n","protected":false},"author":2,"featured_media":4560,"comment_status":"open","ping_status":"open","sticky":false,"template":"","format":"standard","meta":[],"categories":[90],"tags":[],"_links":{"self":[{"href":"https:\/\/pasaenmendoza.com\/index.php?rest_route=\/wp\/v2\/posts\/4557"}],"collection":[{"href":"https:\/\/pasaenmendoza.com\/index.php?rest_route=\/wp\/v2\/posts"}],"about":[{"href":"https:\/\/pasaenmendoza.com\/index.php?rest_route=\/wp\/v2\/types\/post"}],"author":[{"embeddable":true,"href":"https:\/\/pasaenmendoza.com\/index.php?rest_route=\/wp\/v2\/users\/2"}],"replies":[{"embeddable":true,"href":"https:\/\/pasaenmendoza.com\/index.php?rest_route=%2Fwp%2Fv2%2Fcomments&post=4557"}],"version-history":[{"count":1,"href":"https:\/\/pasaenmendoza.com\/index.php?rest_route=\/wp\/v2\/posts\/4557\/revisions"}],"predecessor-version":[{"id":4561,"href":"https:\/\/pasaenmendoza.com\/index.php?rest_route=\/wp\/v2\/posts\/4557\/revisions\/4561"}],"wp:featuredmedia":[{"embeddable":true,"href":"https:\/\/pasaenmendoza.com\/index.php?rest_route=\/wp\/v2\/media\/4560"}],"wp:attachment":[{"href":"https:\/\/pasaenmendoza.com\/index.php?rest_route=%2Fwp%2Fv2%2Fmedia&parent=4557"}],"wp:term":[{"taxonomy":"category","embeddable":true,"href":"https:\/\/pasaenmendoza.com\/index.php?rest_route=%2Fwp%2Fv2%2Fcategories&post=4557"},{"taxonomy":"post_tag","embeddable":true,"href":"https:\/\/pasaenmendoza.com\/index.php?rest_route=%2Fwp%2Fv2%2Ftags&post=4557"}],"curies":[{"name":"wp","href":"https:\/\/api.w.org\/{rel}","templated":true}]}}