{"id":4562,"date":"2024-01-15T14:17:48","date_gmt":"2024-01-15T13:17:48","guid":{"rendered":"https:\/\/pasaenmendoza.com\/?p=4562"},"modified":"2024-01-15T14:18:33","modified_gmt":"2024-01-15T13:18:33","slug":"los-importadores-valoran-la-eliminacion-de-trabas-al-comercio-exterior","status":"publish","type":"post","link":"https:\/\/pasaenmendoza.com\/?p=4562","title":{"rendered":"Los importadores valoran &#8220;la eliminaci\u00f3n de trabas al comercio exterior&#8221;"},"content":{"rendered":"\n<p><strong>Los cambios en el marco regulatorio para las importaciones abren todo un nuevo panorama para el sector<\/strong>. Las empresas que importan comienzan a notar algunas modificaciones que hacen a un sistema menos burocr\u00e1tico y esperan que &#8220;se normalice&#8221; en los pr\u00f3ximos meses.<\/p>\n\n\n\n<p>El&nbsp;<strong>presidente de la Federaci\u00f3n de C\u00e1maras de Comercio Exterior de la Rep\u00fablica Argentina (Fecacera), Manuel Federico Rodr\u00edguez<\/strong>, analiz\u00f3 c\u00f3mo impactar\u00e1n algunas de las medidas promovidas desde el ejecutivo nacional.<\/p>\n\n\n\n<p><strong>Fecacera est\u00e1 conformada por C\u00e1maras de Comercio Exterior de distintas regiones y cuenta con un conocimiento cabal de la realidad en torno al mercado importador y exportador de cada una de ellas<\/strong>. Por ello suele ser una fuente de referencia para la toma de decisiones en cuestiones vinculadas al comercio exterior.<\/p>\n\n\n\n<p>Con respecto, el empresario plante\u00f3 que &#8220;el escenario es sumamente din\u00e1mico y cambiante&#8221; y la desaparici\u00f3n de las SIRA es algo positivo. &#8220;El r\u00e9gimen SIRA era un sistema altamente restrictivo y discrecional, y como tal ocasionaba severas dificultades a las empresas y con ello una fuerte p\u00e9rdida de competitividad al comercio exterior de nuestro pa\u00eds&#8221;, expres\u00f3.<\/p>\n\n\n\n<figure class=\"wp-block-image\"><img decoding=\"async\" src=\"https:\/\/www.mendozapost.com\/files\/image\/542\/542797\/65a3fe3e60944_570_380!.jpg?s=aaac490bb46998279aa8d778130309ca&amp;d=1705246275\" alt=\"\"\/><figcaption class=\"wp-element-caption\">El cordob\u00e9s Federico Rodr\u00edguez, presidente de FECACERA.&nbsp;<\/figcaption><\/figure>\n\n\n\n<p>De acuerdo a lo planteado por Rodr\u00edguez, &#8220;este r\u00e9gimen complementado con diversas restricciones que hab\u00eda para realizar pagos al exterior complicaban el abastecimiento de insumos productivos&#8221;. En tanto que subray\u00f3 que esto &#8220;ocasionaba dificultades operativas, quebrantos econ\u00f3micos a las empresas industriales e incumplimientos de compromisos por parte de las empresas exportadoras para con sus clientes en el exterior&#8221;.<\/p>\n\n\n\n<p>El reemplazo ser\u00e1 el sistema SEDI, el cual es de car\u00e1cter informativo y de aprobaci\u00f3n autom\u00e1tica. &#8220;A nuestro entender plantea un mejor escenario para buen desempe\u00f1o del comercio exterior. No tenemos que perder de vista que sigue siendo un sistema de intervenci\u00f3n y de regulaci\u00f3n de la actividad comercial, lo cual existe en muy pocos pa\u00edses, pero ser\u00eda en principio mucho mejor que el r\u00e9gimen anterior de SIRAs al no generar condicionamientos significativos para obtener las aprobaciones&#8221;, expres\u00f3 el directivo de Fecacera.<\/p>\n\n\n\n<p>Ante este panorama, Rodr\u00edguez subray\u00f3 que desde el sector empresario siguen teniendo algunos condicionamientos. &#8220;Es importante destacar que siguen existiendo restricciones para realizar pagos al exterior, tanto de operaciones nuevas como de operaciones ya realizadas, lo cual condiciona fuertemente el desempe\u00f1o de las empresas que hacen comercio exterior, en particular las Pymes que tienen menos recursos y herramientas para sobrellevar estas restricciones&#8221;, explic\u00f3.<\/p>\n\n\n\n<p>Estas dificultades devienen de la escasez de divisas que afronta la Argentina y desde el gobierno apuestan a que las empresas paguen &#8220;con d\u00f3lares propios&#8221;. Desde el sector empresario esperan a que esto se vaya resolviendo en la medida que mejore el panorama econ\u00f3mico.<strong>&nbsp;&#8220;El gobierno se ha mostrado abierto a escuchar a las entidades gremiales empresarias&#8221;, valoran.<\/strong><\/p>\n\n\n\n<p>&#8220;Los sistemas normativos y regulatorios est\u00e1n siendo actualizados casi a diario con el fin de optimizar su funcionamiento. Existe una permanente interacci\u00f3n entre el sector p\u00fablico y las entidades representativas del sector privado con el \u00e1nimo de generar herramientas que viabilicen un comercio exterior \u00e1gil y competitivo en los pr\u00f3ximos a\u00f1os&#8221;, apunt\u00f3 el empresario.<\/p>\n\n\n\n<p>En los \u00faltimos d\u00edas, el ministro de econom\u00eda propuso un bono para buscar una salida a la deuda que los importadores tienen con proveedores del exterior. Desde el gobierno anunciaron con entusiasmo que cerca de 21 mil millones fueron los empadronados para este nuevo bono.<\/p>\n\n\n\n<p>Pese a no ser especialistas en temas burs\u00e1tiles y financieros, desde Fecacera aseguran que han tenido debates con relaci\u00f3n a este tema.&nbsp;<strong>&#8220;El monto empadronado seguramente representa solo a una fracci\u00f3n de la deuda existente y no al total dado que este sistema impide la carga de algunos tipos de deuda&#8221;, explicaron al Post.<\/strong><\/p>\n\n\n\n<p>Otro de los anuncios de Caputo tiene que ver con el&nbsp;<strong>fin del Sistema de Capacidad Econ\u00f3mica Financiera (CEF) para normalizar y facilitar las importaciones<\/strong>. Con el sistema anterior, depend\u00eda de &#8220;la capacidad&#8221; de cada comprador para poder importar.<\/p>\n\n\n\n<p>&#8220;Este cambio es positivo ya que la metodolog\u00eda anterior restring\u00eda la posibilidad de solicitar autorizaciones de importaciones y de pagos al exterior a empresas que realmente s\u00ed reun\u00edan los requisitos para hacerlo. Por otra parte, la capacidad econ\u00f3mica y financiera de las empresas puede ser fiscalizada mediante otras v\u00edas de control con las que cuenta AFIP&#8221;, explic\u00f3 Rodr\u00edguez.<\/p>\n\n\n\n<p>Estos cambios que plante\u00f3 Caputo son &#8220;hacia atr\u00e1s&#8221;, ya que buscan regularizar los inconvenientes arrastrados de la gesti\u00f3n anterior, pero qu\u00e9 viene ahora:&nbsp;<strong>los empresarios esperan la unificaci\u00f3n del mercado de divisas &#8220;en un n\u00famero competitivo&#8221;<\/strong>.<\/p>\n\n\n\n<p>&#8220;La expectativa que tenemos es tener un tipo de cambio \u00fanico y competitivo que promueva el correcto desempe\u00f1o del comercio exterior y que regule de forma m\u00e1s natural los vol\u00famenes de importaciones y exportaciones&#8221;, apuntan desde Fecacera.<\/p>\n\n\n\n<p>En ese sentido piden que los procesos de fiscalizaci\u00f3n y control sean m\u00e1s \u00e1giles y eficientes de forma tal que las empresas pueden desplegar su m\u00e1ximo potencial productivo y exportador.<\/p>\n\n\n\n<p>Ante esto, desde los sectores que importan materias primas, insumos y hasta productos terminados, ven con buenos ojos &#8220;la apertura&#8221; que propone el presidente junto a su equipo econ\u00f3mico. &#8220;Entendemos que los plazos de instrumentaci\u00f3n dependen en gran medida de los avances y del buen entendimiento que se alcance en los debates democr\u00e1ticos que se est\u00e1n llevando a cabo en el Congreso de la Naci\u00f3n&#8221;, sostuvieron en relaci\u00f3n a la Ley Bases y el DNU 70\/2023.<\/p>\n\n\n\n<figure class=\"wp-block-image\"><img decoding=\"async\" src=\"https:\/\/www.mendozapost.com\/files\/image\/539\/539077\/658ae5008b59a_570_352!.jpg?s=abd9644fd7a4a059d5fe6d5799ac35f9&amp;d=1703601410\" alt=\"\"\/><figcaption class=\"wp-element-caption\">El acceso a divisas para importar es otro de los temas clave.<\/figcaption><\/figure>\n\n\n\n<p>&#8220;Desde FECACERA entendemos que para sacar el pa\u00eds adelante no hay soluciones m\u00e1gicas y que este proceso llevar\u00e1 cierto tiempo adem\u00e1s de que implicar\u00e1 un fuerte esfuerzo y compromiso por parte de la sociedad en su conjunto&#8221;, apunt\u00f3 Rodr\u00edguez.<\/p>\n\n\n\n<p>En ese sentido, el empresario explic\u00f3 que &#8220;la inserci\u00f3n inteligente de Argentina en el mundo y la facilitaci\u00f3n del comercio internacional deben ser pilares fundamentales para la recuperaci\u00f3n econ\u00f3mica de nuestro pa\u00eds&#8221;.<\/p>\n\n\n\n<p>Y, ante esta premisa, desde la Federaci\u00f3n buscan poner a disposici\u00f3n de las autoridades nacionales la capacidad t\u00e9cnica y la informaci\u00f3n sectorial para proponer alternativas de soluci\u00f3n y de mejora. &#8220;Siempre con vocaci\u00f3n constructiva y propositiva. Entendiendo que el bien del sector industrial y exportador hace al bienestar de la sociedad en su conjunto&#8221;, apunt\u00f3 Rodr\u00edguez.<\/p>\n\n\n\n<p><strong>Fuente: www.mendozapost.com<\/strong><\/p>\n","protected":false},"excerpt":{"rendered":"<p>Los cambios en el marco regulatorio para las importaciones abren todo un nuevo panorama para el sector. Las empresas que importan comienzan a notar algunas modificaciones que hacen a un sistema menos burocr\u00e1tico y esperan que &#8220;se normalice&#8221; en los pr\u00f3ximos meses. El&nbsp;presidente de la Federaci\u00f3n de C\u00e1maras de Comercio Exterior de la Rep\u00fablica Argentina [&hellip;]<\/p>\n","protected":false},"author":2,"featured_media":0,"comment_status":"open","ping_status":"open","sticky":false,"template":"","format":"standard","meta":[],"categories":[91],"tags":[],"_links":{"self":[{"href":"https:\/\/pasaenmendoza.com\/index.php?rest_route=\/wp\/v2\/posts\/4562"}],"collection":[{"href":"https:\/\/pasaenmendoza.com\/index.php?rest_route=\/wp\/v2\/posts"}],"about":[{"href":"https:\/\/pasaenmendoza.com\/index.php?rest_route=\/wp\/v2\/types\/post"}],"author":[{"embeddable":true,"href":"https:\/\/pasaenmendoza.com\/index.php?rest_route=\/wp\/v2\/users\/2"}],"replies":[{"embeddable":true,"href":"https:\/\/pasaenmendoza.com\/index.php?rest_route=%2Fwp%2Fv2%2Fcomments&post=4562"}],"version-history":[{"count":2,"href":"https:\/\/pasaenmendoza.com\/index.php?rest_route=\/wp\/v2\/posts\/4562\/revisions"}],"predecessor-version":[{"id":4567,"href":"https:\/\/pasaenmendoza.com\/index.php?rest_route=\/wp\/v2\/posts\/4562\/revisions\/4567"}],"wp:attachment":[{"href":"https:\/\/pasaenmendoza.com\/index.php?rest_route=%2Fwp%2Fv2%2Fmedia&parent=4562"}],"wp:term":[{"taxonomy":"category","embeddable":true,"href":"https:\/\/pasaenmendoza.com\/index.php?rest_route=%2Fwp%2Fv2%2Fcategories&post=4562"},{"taxonomy":"post_tag","embeddable":true,"href":"https:\/\/pasaenmendoza.com\/index.php?rest_route=%2Fwp%2Fv2%2Ftags&post=4562"}],"curies":[{"name":"wp","href":"https:\/\/api.w.org\/{rel}","templated":true}]}}