{"id":4568,"date":"2024-01-15T14:23:30","date_gmt":"2024-01-15T13:23:30","guid":{"rendered":"https:\/\/pasaenmendoza.com\/?p=4568"},"modified":"2024-01-15T14:23:31","modified_gmt":"2024-01-15T13:23:31","slug":"renuncio-el-titular-del-pami-mendoza-y-el-organismo-quedo-acefalo","status":"publish","type":"post","link":"https:\/\/pasaenmendoza.com\/?p=4568","title":{"rendered":"Renunci\u00f3 el titular del PAMI Mendoza y el organismo qued\u00f3 ac\u00e9falo"},"content":{"rendered":"\n<p>La delegaci\u00f3n del\u00a0<strong>PAMI\u00a0en Mendoza<\/strong>\u00a0se encuentra ac\u00e9fala tras la renuncia del titular del organismo local,\u00a0<strong>Mart\u00edn Sevilla<\/strong>. El funcionario que hab\u00eda sido nombrado en el gobierno de Alberto Fern\u00e1ndez continuaba en el cargo tras el inicio de la presidencia de Javier Milei, pero a un mes de iniciada la nueva gesti\u00f3n present\u00f3 su dimisi\u00f3n.<\/p>\n\n\n\n<p>El dirigente peronista comunic\u00f3 su decisi\u00f3n a trav\u00e9s de una carta dirigida al titular del\u00a0<strong>PAMI\u00a0<\/strong>a nivel nacional Esteban Ernesto Leguizamo, quien fuera designado por Milei en diciembre.<\/p>\n\n\n\n<p>\u201cPor la presente, renuncio en forma indeclinable al cargo de Director Ejecutivo Local de la UGL IV Mendoza que en su oportunidad se me hubiera confiado, a partir del d\u00eda 15 de enero del corriente a\u00f1o\u201d, expresa la misiva enviada el \u00faltimo viernes.<\/p>\n\n\n\n<figure class=\"wp-block-image\"><img decoding=\"async\" src=\"https:\/\/www.mdzol.com\/u\/fotografias\/m\/2024\/1\/15\/f768x1-1536365_1536492_113.jpg\" alt=\"\"\/><\/figure>\n\n\n\n<p>Con la salida de&nbsp;<strong>Sevilla<\/strong>, la delegaci\u00f3n local del PAMI qued\u00f3 ac\u00e9fala, ya que no se ha designado a su reemplazante. La nueva gesti\u00f3n nacional viene demorando los nombramientos de los responsables de distintas dependencias del Ejecutivo nacional en la provincia.<\/p>\n\n\n\n<p>Respecto al PAMI, el titular de la anterior gesti\u00f3n hab\u00eda continuado en el puesto debido a que operativamente era necesario para que no se produzca una acefal\u00eda que pueda afectar los tr\u00e1mites de jubilados y pensionados.<\/p>\n\n\n\n<p><strong>Fuente: www.mdzol.com<\/strong><\/p>\n","protected":false},"excerpt":{"rendered":"<p>La delegaci\u00f3n del\u00a0PAMI\u00a0en Mendoza\u00a0se encuentra ac\u00e9fala tras la renuncia del titular del organismo local,\u00a0Mart\u00edn Sevilla. El funcionario que hab\u00eda sido nombrado en el gobierno de Alberto Fern\u00e1ndez continuaba en el cargo tras el inicio de la presidencia de Javier Milei, pero a un mes de iniciada la nueva gesti\u00f3n present\u00f3 su dimisi\u00f3n. El dirigente peronista [&hellip;]<\/p>\n","protected":false},"author":2,"featured_media":4569,"comment_status":"open","ping_status":"open","sticky":false,"template":"","format":"standard","meta":[],"categories":[89],"tags":[],"_links":{"self":[{"href":"https:\/\/pasaenmendoza.com\/index.php?rest_route=\/wp\/v2\/posts\/4568"}],"collection":[{"href":"https:\/\/pasaenmendoza.com\/index.php?rest_route=\/wp\/v2\/posts"}],"about":[{"href":"https:\/\/pasaenmendoza.com\/index.php?rest_route=\/wp\/v2\/types\/post"}],"author":[{"embeddable":true,"href":"https:\/\/pasaenmendoza.com\/index.php?rest_route=\/wp\/v2\/users\/2"}],"replies":[{"embeddable":true,"href":"https:\/\/pasaenmendoza.com\/index.php?rest_route=%2Fwp%2Fv2%2Fcomments&post=4568"}],"version-history":[{"count":1,"href":"https:\/\/pasaenmendoza.com\/index.php?rest_route=\/wp\/v2\/posts\/4568\/revisions"}],"predecessor-version":[{"id":4570,"href":"https:\/\/pasaenmendoza.com\/index.php?rest_route=\/wp\/v2\/posts\/4568\/revisions\/4570"}],"wp:featuredmedia":[{"embeddable":true,"href":"https:\/\/pasaenmendoza.com\/index.php?rest_route=\/wp\/v2\/media\/4569"}],"wp:attachment":[{"href":"https:\/\/pasaenmendoza.com\/index.php?rest_route=%2Fwp%2Fv2%2Fmedia&parent=4568"}],"wp:term":[{"taxonomy":"category","embeddable":true,"href":"https:\/\/pasaenmendoza.com\/index.php?rest_route=%2Fwp%2Fv2%2Fcategories&post=4568"},{"taxonomy":"post_tag","embeddable":true,"href":"https:\/\/pasaenmendoza.com\/index.php?rest_route=%2Fwp%2Fv2%2Ftags&post=4568"}],"curies":[{"name":"wp","href":"https:\/\/api.w.org\/{rel}","templated":true}]}}