{"id":4577,"date":"2024-01-16T13:10:04","date_gmt":"2024-01-16T12:10:04","guid":{"rendered":"https:\/\/pasaenmendoza.com\/?p=4577"},"modified":"2024-01-16T13:10:06","modified_gmt":"2024-01-16T12:10:06","slug":"los-regalos-de-nacion-a-maipu","status":"publish","type":"post","link":"https:\/\/pasaenmendoza.com\/?p=4577","title":{"rendered":"Los regalos de Naci\u00f3n a Maip\u00fa"},"content":{"rendered":"\n<p>A trav\u00e9s de una resoluci\u00f3n publicada este martes en el Bolet\u00edn Oficial de la Naci\u00f3n, se hizo oficial la cesi\u00f3n sin cargo a la\u00a0<strong>Municipalidad de Maip\u00fa<\/strong>\u00a0por parte del Gobierno Nacional de diferentes art\u00edculos tecnol\u00f3gicos y m\u00e1quinas.<\/p>\n\n\n\n<p>El documento, el cual lleva la firma de Dar\u00edo Alberto Lucas, subsecretario de Asuntos Personales, detalla la entrega de &#8220;5.690 art\u00edculos varios&#8221;.<\/p>\n\n\n\n<p>Entre lo que recibir\u00e1 la comuna de Mat\u00edas Stevanato hay tarjetas de memoria, timbres inal\u00e1mbricos, bastones telesc\u00f3picos de hierro y masajeadores el\u00e9ctricos.<\/p>\n\n\n\n<p>Por qu\u00e9 recibe esto Maip\u00fa<\/p>\n\n\n\n<p>La Secretar\u00eda General de la Naci\u00f3n puede disponer de la afectaci\u00f3n de mercader\u00eda recuperada por la Aduana para su utilizaci\u00f3n o para realizar una repartici\u00f3n nacional. Por ejemplo, en la misma resoluci\u00f3n se otorgan cubiertas para el Ministerio de Salud de Entre R\u00edos y celulares y ropa para Formosa.<\/p>\n\n\n\n<p>Se trata de mercader\u00eda &#8220;Sin titular conocido, sin decalarar o en rezago&#8221;, recuperada en la Aduana. Puede ser que hayan intentado ingresar al pa\u00eds de contrabando o que nadie haya reclamado dentro de los plazos establecidos.<\/p>\n\n\n\n<p>El art\u00edculo 9 de la Ley 25.603 expresa: &#8220;La Secretar\u00eda General de la Presidencia de la Naci\u00f3n dispondr\u00e1 la afectaci\u00f3n de la mercader\u00eda para su utilizaci\u00f3n por el organismo o repartici\u00f3n nacional, provincial o municipal u organizaciones no gubernamentales dentro de los treinta (30) d\u00edas de puesta a su disposici\u00f3n por el servicio aduanero, dicha dependencia deber\u00e1 publicar en el Bolet\u00edn Oficial el destino dado a la mercader\u00eda, as\u00ed como proceder a su entrega y distribuci\u00f3n&#8221;.<\/p>\n\n\n\n<p>FUENTE: Mendozapost.<\/p>\n","protected":false},"excerpt":{"rendered":"<p>A trav\u00e9s de una resoluci\u00f3n publicada este martes en el Bolet\u00edn Oficial de la Naci\u00f3n, se hizo oficial la cesi\u00f3n sin cargo a la\u00a0Municipalidad de Maip\u00fa\u00a0por parte del Gobierno Nacional de diferentes art\u00edculos tecnol\u00f3gicos y m\u00e1quinas. El documento, el cual lleva la firma de Dar\u00edo Alberto Lucas, subsecretario de Asuntos Personales, detalla la entrega de [&hellip;]<\/p>\n","protected":false},"author":2,"featured_media":4578,"comment_status":"open","ping_status":"open","sticky":true,"template":"","format":"standard","meta":[],"categories":[47],"tags":[],"_links":{"self":[{"href":"https:\/\/pasaenmendoza.com\/index.php?rest_route=\/wp\/v2\/posts\/4577"}],"collection":[{"href":"https:\/\/pasaenmendoza.com\/index.php?rest_route=\/wp\/v2\/posts"}],"about":[{"href":"https:\/\/pasaenmendoza.com\/index.php?rest_route=\/wp\/v2\/types\/post"}],"author":[{"embeddable":true,"href":"https:\/\/pasaenmendoza.com\/index.php?rest_route=\/wp\/v2\/users\/2"}],"replies":[{"embeddable":true,"href":"https:\/\/pasaenmendoza.com\/index.php?rest_route=%2Fwp%2Fv2%2Fcomments&post=4577"}],"version-history":[{"count":1,"href":"https:\/\/pasaenmendoza.com\/index.php?rest_route=\/wp\/v2\/posts\/4577\/revisions"}],"predecessor-version":[{"id":4579,"href":"https:\/\/pasaenmendoza.com\/index.php?rest_route=\/wp\/v2\/posts\/4577\/revisions\/4579"}],"wp:featuredmedia":[{"embeddable":true,"href":"https:\/\/pasaenmendoza.com\/index.php?rest_route=\/wp\/v2\/media\/4578"}],"wp:attachment":[{"href":"https:\/\/pasaenmendoza.com\/index.php?rest_route=%2Fwp%2Fv2%2Fmedia&parent=4577"}],"wp:term":[{"taxonomy":"category","embeddable":true,"href":"https:\/\/pasaenmendoza.com\/index.php?rest_route=%2Fwp%2Fv2%2Fcategories&post=4577"},{"taxonomy":"post_tag","embeddable":true,"href":"https:\/\/pasaenmendoza.com\/index.php?rest_route=%2Fwp%2Fv2%2Ftags&post=4577"}],"curies":[{"name":"wp","href":"https:\/\/api.w.org\/{rel}","templated":true}]}}