{"id":4580,"date":"2024-01-16T13:21:39","date_gmt":"2024-01-16T12:21:39","guid":{"rendered":"https:\/\/pasaenmendoza.com\/?p=4580"},"modified":"2024-01-16T13:21:42","modified_gmt":"2024-01-16T12:21:42","slug":"bodegueros-plantearon-un-futuro-dramatico-para-el-vino-si-se-aplican-las-retenciones-de-la-ley-omnibus","status":"publish","type":"post","link":"https:\/\/pasaenmendoza.com\/?p=4580","title":{"rendered":"Bodegueros plantearon un futuro dram\u00e1tico para el vino si se aplican las retenciones de la Ley \u00d3mnibus"},"content":{"rendered":"\n<p>Representantes de Fecovita, Coviar y Bodegas de Argentina disertaron ante los legisladores nacionales en el plenario de comisiones que analiza el proyecto de Javier Milei y que incluye derechos de exportaci\u00f3n al vino del 8%<\/p>\n\n\n\n<p>&#8220;El 8% de\u00a0<strong>retenciones al vino<\/strong>\u00a0implica\u00a0<strong>regalar nuestros mercados a uno de nuestros principales competidores: Chile<\/strong>&#8220;. Con esas palabras, Walter Pav\u00f3n, gerente de Relaciones Institucionales de\u00a0<strong>Bodegas de Argentina<\/strong>, dej\u00f3 en claro en el plenario de comisiones del Congreso, durante el tratamiento de la\u00a0<strong>Ley \u00d3mnibus<\/strong>, lo que la medida que busca implementar el presidente Javier Milei significar\u00eda para la industria madre mendocina.<\/p>\n\n\n\n<p>A su alocuci\u00f3n se sumaron durante la jornada las del presidente de la\u00a0<strong>Coviar<\/strong>, Mario Gonz\u00e1lez, y la de Marcelo Federici, secretario general de\u00a0<strong>Fecovita<\/strong>. Los tres representantes de la industria vitivin\u00edcola cuestionaron el art\u00edculo 205 del proyecto de ley que\u00a0<strong>implementa un 8% de derechos de exportaci\u00f3n al vino y dieron sus argumentos para que los legisladores no lo avalen<\/strong>.<\/p>\n\n\n\n<p>&#8220;Apelo al\u00a0<strong>sentido com\u00fan<\/strong>&#8220;, les dijo Gonz\u00e1lez a los diputados y senadores que deber\u00e1n votar.<\/p>\n\n\n\n<p>&#8220;Estar\u00edamos gener\u00e1ndole una p\u00e9rdida de rentabilidad y en muchos casos una\u00a0<strong>desaparici\u00f3n a los peque\u00f1os productores<\/strong>&#8220;, agreg\u00f3 Federici de Fecovita al presentar el panorama.<\/p>\n\n\n\n<h2 class=\"wp-block-heading\">El duro an\u00e1lisis de Pav\u00f3n, de Bodegas de Argentina<\/h2>\n\n\n\n<p>Walter Pav\u00f3n fue uno de los m\u00e1s&nbsp;<strong>dram\u00e1ticos&nbsp;<\/strong>a la hora de hablar de las consecuencias que podr\u00eda tener en la industria una retenci\u00f3n del 8% a las exportaciones de vino.<\/p>\n\n\n\n<p>Lisa y llanamente, habl\u00f3 de que significar\u00eda &#8220;<strong>regalar nuestros mercados<\/strong>\u00a0a uno de nuestros principales competidores, que es Chile&#8221;.<\/p>\n\n\n\n<p>Y explic\u00f3: &#8220;Generamos divisas genuinas porque&nbsp;<strong>exportamos mucho m\u00e1s de lo que importamos<\/strong>. Cuando tenemos que vender en el exterior es un trabajo que implica viajar, ofrecer la marca, reunirnos nuevamente, es un proceso que lleva su tiempo porque no tenemos acuerdos comerciales y&nbsp;<strong>ya pagamos un derecho del 5%, que en definitiva es un derecho de exportaci\u00f3n que no tienen nuestros competidores<\/strong>&#8220;.<\/p>\n\n\n\n<p>Entonces, consider\u00f3 Pav\u00f3n: &#8220;Esta medida puede<strong>&nbsp;matar el negocio<\/strong>&nbsp;en el cort\u00edsimo plazo&#8221;.<\/p>\n\n\n\n<p>Esto es porque &#8220;<strong>nadie puede modificar el precio internacional<\/strong>&nbsp;y tocarlo implica quedarnos afuera, perder clientes&#8221;.<\/p>\n\n\n\n<p>El bodeguero cont\u00f3 adem\u00e1s que ya en febrero y marzo se espera una p\u00e9rdida de rentabilidad: &#8220;La devaluaci\u00f3n no significa un ingreso para nuestro sector; por un lado por el aumento del costo que est\u00e1 arriba del 70% y&nbsp;<strong>esto nos va a dejar ya en febrero y marzo con rentabilidad negativa y la posibilidad de perder algunos mercados<\/strong>&#8220;.<\/p>\n\n\n\n<p>Si a ello le sumamos un 8% de derechos de exportaci\u00f3n,&nbsp;<strong>&#8220;va a quebrar a toda la industria&#8221;<\/strong>.<\/p>\n\n\n\n<p>Concluy\u00f3 Pav\u00f3n: &#8220;Va a significar m\u00e1s un beneficio para los competidores, en especial para Chile, m\u00e1s que un beneficio interno.&nbsp;<strong>Los otros pa\u00edses premian el esfuerzo y ac\u00e1 se castiga a los exportadores<\/strong>&#8220;.<\/p>\n\n\n\n<h2 class=\"wp-block-heading\">Marcelo Federici, secretario general de Fecovita<\/h2>\n\n\n\n<p>&#8220;<strong>Pedimos la exenci\u00f3n del impuesto, que es muy nocivo<\/strong>&#8220;, dijo virtualmente, a trav\u00e9s de la plataforma Zoom por la que expusieron otros tantos empresarios y representantes de diferentes organizaciones no gubernamentales, a favor o en contra de art\u00edculos del proyecto de Ley \u00d3mnibus.<\/p>\n\n\n\n<p>Particularmente Federici se refiri\u00f3, como el resto de los bodegueros, al art\u00edculo 205 que habla sobre las&nbsp;<strong>retenciones al vino<\/strong>.<\/p>\n\n\n\n<p>&#8220;Estamos frente a un inicio de cosecha mayor. La industria vitivin\u00edcola reacciona a los stocks. Este a\u00f1o estamos con una disminuci\u00f3n del consumo del mercado interno con lo cual&nbsp;<strong>s\u00ed o s\u00ed vamos a necesitar una salida por exportaci\u00f3n<\/strong>. Si se les aplica un 8% de retenci\u00f3n, nos dejar\u00eda fuera de competitividad, con lo cual ese volumen presionar\u00eda el volumen interno y&nbsp;<strong>los precios se deteriorar\u00e1n<\/strong>&#8220;, explic\u00f3 a los legisladores que ser\u00e1n los encargados de votar la ley.<\/p>\n\n\n\n<p>&#8220;Este a\u00f1o es una situaci\u00f3n particular en la que hay una producci\u00f3n buena de vid para el 2024 con lo cual (con el impuesto)<strong>&nbsp;estar\u00edamos gener\u00e1ndole una p\u00e9rdida de rentabilidad y en muchos casos una desaparici\u00f3n a los peque\u00f1os productores<\/strong>&#8220;, dijo y explic\u00f3: &#8220;Caer\u00eda demasiado el precio porque habr\u00eda una sobreoferta del producto&#8221;.<\/p>\n\n\n\n<h2 class=\"wp-block-heading\">Mario Gonz\u00e1lez, presidente de la Coviar, contra las retenciones<\/h2>\n\n\n\n<p>Como ya lo viene haciendo desde que se conoci\u00f3 la intenci\u00f3n del gobierno nacional de volver a aplicar retenciones al vino,\u00a0<strong>Mario Gonz\u00e1lez<\/strong>, presidente de la Coviar, destac\u00f3 las virtudes de la industria y tambi\u00e9n las dificultades que los productores y empresarios deben asumir para poder competir en el mundo.<\/p>\n\n\n\n<p>&#8220;Hemos logrado tener el 0% del derecho a las exportaciones, algo que es b\u00e1sico:&nbsp;<strong>no podemos gravar la industria con un impuesto m\u00e1s<\/strong>&#8220;, expres\u00f3 adem\u00e1s. &#8220;Entendemos el esfuerzo que hay que hacer pero las econom\u00edas regionales, que justamente necesitan exportar m\u00e1s y seguir dando valor agregado,&nbsp;<strong>necesitan una estrategia de comercializaci\u00f3n en la que puedan ser competitivas<\/strong>&#8220;, dijo ante los legisladores nacionales.<\/p>\n\n\n\n<p>Gonz\u00e1lez repas\u00f3 que, gracias al cero en los derechos de exportaci\u00f3n, en los \u00faltimos meses &#8220;empezamos a recuperar las mermas producidas en el 2023 pero&nbsp;<strong>lamentablemente nos encontramos con esta propuesta de poner el 8% de retenciones&#8221;<\/strong>.<\/p>\n\n\n\n<p>&#8220;Creo que la decisi\u00f3n se tom\u00f3 desde el desconocimiento y que con los datos y la inteligencia de los legisladores,&nbsp;<strong>se podr\u00e1 volver al cero<\/strong>&#8220;, vaticin\u00f3.<\/p>\n\n\n\n<p>Y apel\u00f3 al &#8220;sentido com\u00fan:<strong>\u00a060 millones de d\u00f3lares solamente ser\u00eda la recaudaci\u00f3n, algo que para el pa\u00eds no es importante y para la vitivinicultura s\u00ed<\/strong>&#8220;.<\/p>\n\n\n\n<p>FUENTE: Diariouno.com.ar <\/p>\n\n\n\n<p><\/p>\n","protected":false},"excerpt":{"rendered":"<p>Representantes de Fecovita, Coviar y Bodegas de Argentina disertaron ante los legisladores nacionales en el plenario de comisiones que analiza el proyecto de Javier Milei y que incluye derechos de exportaci\u00f3n al vino del 8% &#8220;El 8% de\u00a0retenciones al vino\u00a0implica\u00a0regalar nuestros mercados a uno de nuestros principales competidores: Chile&#8220;. Con esas palabras, Walter Pav\u00f3n, gerente [&hellip;]<\/p>\n","protected":false},"author":2,"featured_media":4583,"comment_status":"open","ping_status":"open","sticky":true,"template":"","format":"standard","meta":[],"categories":[47],"tags":[],"_links":{"self":[{"href":"https:\/\/pasaenmendoza.com\/index.php?rest_route=\/wp\/v2\/posts\/4580"}],"collection":[{"href":"https:\/\/pasaenmendoza.com\/index.php?rest_route=\/wp\/v2\/posts"}],"about":[{"href":"https:\/\/pasaenmendoza.com\/index.php?rest_route=\/wp\/v2\/types\/post"}],"author":[{"embeddable":true,"href":"https:\/\/pasaenmendoza.com\/index.php?rest_route=\/wp\/v2\/users\/2"}],"replies":[{"embeddable":true,"href":"https:\/\/pasaenmendoza.com\/index.php?rest_route=%2Fwp%2Fv2%2Fcomments&post=4580"}],"version-history":[{"count":1,"href":"https:\/\/pasaenmendoza.com\/index.php?rest_route=\/wp\/v2\/posts\/4580\/revisions"}],"predecessor-version":[{"id":4584,"href":"https:\/\/pasaenmendoza.com\/index.php?rest_route=\/wp\/v2\/posts\/4580\/revisions\/4584"}],"wp:featuredmedia":[{"embeddable":true,"href":"https:\/\/pasaenmendoza.com\/index.php?rest_route=\/wp\/v2\/media\/4583"}],"wp:attachment":[{"href":"https:\/\/pasaenmendoza.com\/index.php?rest_route=%2Fwp%2Fv2%2Fmedia&parent=4580"}],"wp:term":[{"taxonomy":"category","embeddable":true,"href":"https:\/\/pasaenmendoza.com\/index.php?rest_route=%2Fwp%2Fv2%2Fcategories&post=4580"},{"taxonomy":"post_tag","embeddable":true,"href":"https:\/\/pasaenmendoza.com\/index.php?rest_route=%2Fwp%2Fv2%2Ftags&post=4580"}],"curies":[{"name":"wp","href":"https:\/\/api.w.org\/{rel}","templated":true}]}}