{"id":4581,"date":"2024-01-16T13:26:26","date_gmt":"2024-01-16T12:26:26","guid":{"rendered":"https:\/\/pasaenmendoza.com\/?p=4581"},"modified":"2024-01-16T13:26:28","modified_gmt":"2024-01-16T12:26:28","slug":"este-martes-tendremos-un-alivio-del-calor","status":"publish","type":"post","link":"https:\/\/pasaenmendoza.com\/?p=4581","title":{"rendered":"Este martes tendremos un alivio del calor"},"content":{"rendered":"\n<p>&nbsp;Este lunes, el pron\u00f3stico para Gran Mendoza indica<strong>&nbsp;una jornada menos calurosa que la de ayer y con tormentas aisladas durante la ma\u00f1ana.<\/strong><\/p>\n\n\n\n<p>Seg\u00fan el&nbsp;<strong>Servicio Meteorol\u00f3gico Nacional<\/strong>, en el Gran Mendoza la m\u00e1xima llegar\u00e1 a los<strong>&nbsp;28\u00b0&nbsp;<\/strong>y hay alerta amarilla por tormentas que podr\u00edan darse durante la madrugada y parte de la ma\u00f1ana en la zona este.<\/p>\n\n\n\n<p>Para ma\u00f1ana mi\u00e9rcoles, el pron\u00f3stico indica ascenso de temperatura, con una\u00a0<strong>m\u00e1xima de 33\u00b0, con viento del norte.<\/strong><\/p>\n\n\n\n<p><strong>Para ma\u00f1ana se espera que el cielo se mantenga despejado.<\/strong><\/p>\n\n\n\n<p><strong>Fuente: www.mendozapost.com<\/strong><\/p>\n","protected":false},"excerpt":{"rendered":"<p>&nbsp;Este lunes, el pron\u00f3stico para Gran Mendoza indica&nbsp;una jornada menos calurosa que la de ayer y con tormentas aisladas durante la ma\u00f1ana. Seg\u00fan el&nbsp;Servicio Meteorol\u00f3gico Nacional, en el Gran Mendoza la m\u00e1xima llegar\u00e1 a los&nbsp;28\u00b0&nbsp;y hay alerta amarilla por tormentas que podr\u00edan darse durante la madrugada y parte de la ma\u00f1ana en la zona este. [&hellip;]<\/p>\n","protected":false},"author":2,"featured_media":4589,"comment_status":"open","ping_status":"open","sticky":false,"template":"","format":"standard","meta":[],"categories":[52],"tags":[],"_links":{"self":[{"href":"https:\/\/pasaenmendoza.com\/index.php?rest_route=\/wp\/v2\/posts\/4581"}],"collection":[{"href":"https:\/\/pasaenmendoza.com\/index.php?rest_route=\/wp\/v2\/posts"}],"about":[{"href":"https:\/\/pasaenmendoza.com\/index.php?rest_route=\/wp\/v2\/types\/post"}],"author":[{"embeddable":true,"href":"https:\/\/pasaenmendoza.com\/index.php?rest_route=\/wp\/v2\/users\/2"}],"replies":[{"embeddable":true,"href":"https:\/\/pasaenmendoza.com\/index.php?rest_route=%2Fwp%2Fv2%2Fcomments&post=4581"}],"version-history":[{"count":1,"href":"https:\/\/pasaenmendoza.com\/index.php?rest_route=\/wp\/v2\/posts\/4581\/revisions"}],"predecessor-version":[{"id":4590,"href":"https:\/\/pasaenmendoza.com\/index.php?rest_route=\/wp\/v2\/posts\/4581\/revisions\/4590"}],"wp:featuredmedia":[{"embeddable":true,"href":"https:\/\/pasaenmendoza.com\/index.php?rest_route=\/wp\/v2\/media\/4589"}],"wp:attachment":[{"href":"https:\/\/pasaenmendoza.com\/index.php?rest_route=%2Fwp%2Fv2%2Fmedia&parent=4581"}],"wp:term":[{"taxonomy":"category","embeddable":true,"href":"https:\/\/pasaenmendoza.com\/index.php?rest_route=%2Fwp%2Fv2%2Fcategories&post=4581"},{"taxonomy":"post_tag","embeddable":true,"href":"https:\/\/pasaenmendoza.com\/index.php?rest_route=%2Fwp%2Fv2%2Ftags&post=4581"}],"curies":[{"name":"wp","href":"https:\/\/api.w.org\/{rel}","templated":true}]}}