{"id":4582,"date":"2024-01-16T13:24:22","date_gmt":"2024-01-16T12:24:22","guid":{"rendered":"https:\/\/pasaenmendoza.com\/?p=4582"},"modified":"2024-01-16T13:24:23","modified_gmt":"2024-01-16T12:24:23","slug":"iris-aguilar-directora-del-vacunatorio-central-pidio-retomar-los-habitos-para-prevenir-el-covid","status":"publish","type":"post","link":"https:\/\/pasaenmendoza.com\/?p=4582","title":{"rendered":"Iris Aguilar, directora del Vacunatorio Central, pidi\u00f3 retomar los h\u00e1bitos para prevenir el Covid"},"content":{"rendered":"\n<p><strong>Iris Aguilar<\/strong>, la directora del Vacunatorio Central, asegur\u00f3 que hay\u00a0<strong>65 casos de\u00a0Covid\u00a0confirmados en lo que va de enero<\/strong>, y que este n\u00famero aument\u00f3 despu\u00e9s de las fiestas de fin de a\u00f1o. Adem\u00e1s,\u00a0<strong>pidi\u00f3 a la poblaci\u00f3n retomar los h\u00e1bitos de cuidado para prevenir el contagio<\/strong>.<\/p>\n\n\n\n<p>En comunicaci\u00f3n con Canal 7, la especialista fue consultada por la&nbsp;<strong>variante JN1<\/strong>&nbsp;de Covid. Sobre este punto, la responsable del vacunatorio asegur\u00f3 que a\u00fan&nbsp;<strong>no hay casos de esta cepa en la provincia.<\/strong><\/p>\n\n\n\n<p>&#8220;La variantes JN1 est\u00e1 circulando en\u00a0<strong>Estado Unidos y el Reino Unido<\/strong>, pero en el Hemisferio Sur, al ser verano, no est\u00e1 circulando. Se ha visto en algunas provincias, y\u00a0<strong>hay un gran n\u00famero de casos pero no de internaciones<\/strong>&#8220;, coment\u00f3 Aguilar.<\/p>\n\n\n\n<p>Adem\u00e1s agreg\u00f3 que hay que mantener la calma y a la vez &#8220;no relajarse&#8221;:&nbsp;<strong>variantes van a surgir todo el tiempo<\/strong>&nbsp;porque el virus cambia permanentemente.<\/p>\n\n\n\n<p><strong>No hay que relajarse, probablemente en la temporada de invierno aumenten los casos<\/strong><\/p>\n\n\n\n<h2 class=\"wp-block-heading\">Iris Aguilar pidi\u00f3 retomar h\u00e1bitos<\/h2>\n\n\n\n<p>La m\u00e9dica recomend\u00f3 que&nbsp;<strong>los mayores de 60 a\u00f1os y las personas inmunocomprometidas se den una dosis cada 6 meses<\/strong>.<\/p>\n\n\n\n<p>&#8220;Las vacunas ayudan a que, en caso de contagiarme, no lo pase mal&#8221;, sostuvo.<\/p>\n\n\n\n<p><strong>A los 6 meses el nivel de protecci\u00f3n disminuye<\/strong>, por lo tanto cada medio a\u00f1o hay que vacunarse, agreg\u00f3. Aquellas personas que&nbsp;<strong>no forman parte del grupo de riesgo deben vacunarse a los 12 meses<\/strong>&nbsp;nuevamente para tener una dosis de refuerzo.<\/p>\n\n\n\n<p>Detall\u00f3 adem\u00e1s que no es necesario tener el carnet de vacunaci\u00f3n: &#8220;<strong>aunque no se tenga el carnet se puede vacunar<\/strong>&#8220;.<\/p>\n\n\n\n<h2 class=\"wp-block-heading\">Recomendaciones<\/h2>\n\n\n\n<ul>\n<li>Tener el esquema de vacunaci\u00f3n al d\u00eda<\/li>\n\n\n\n<li>Lavarse las manos con frecuencia<\/li>\n\n\n\n<li>Ventilar los ambientes<\/li>\n\n\n\n<li>No automedicarnos<\/li>\n\n\n\n<li>Realizar la consulta precoz al m\u00e9dico<\/li>\n\n\n\n<li>En caso de tener los s\u00edntomas, autoaislarse y ser responsable<\/li>\n<\/ul>\n\n\n\n<p>Cuando fue consultada por la&nbsp;<strong>efectividad de la vacunaci\u00f3n<\/strong>, Aguilar sostuvo que &#8220;ahora llevamos una vida normal, no hay aumento de muertes ni de internaciones gracias a la vacuna.&nbsp;<strong>Es una enfermedad viral m\u00e1s y no hay que entrar en p\u00e1nico con las nuevas variantes<\/strong>, porque siempre existir\u00e1n nuevas cepas&#8221;.<\/p>\n\n\n\n<p><strong>El 80% de los pacientes que murieron por covid en Argentina durante 2023 no se hab\u00eda vacunado en los 12 meses previos a infectarse<\/strong><\/p>\n\n\n\n<p>Agreg\u00f3 que de los&nbsp;<strong>500 fallecidos que hubo en el 2023 en Argentina por covid<\/strong>, la mayor\u00eda eran mayores de 65 a\u00f1os y&nbsp;<strong>el 80% no se hab\u00eda vacunado durante el \u00faltimo a\u00f1o<\/strong>.<\/p>\n\n\n\n<p>Los vacunatorios disponibles para vacunarse se pueden consultar en la p\u00e1gina oficial del Ministerio de Salud de la provincia.<\/p>\n\n\n\n<p><strong>Fuente: www.diariouno.com.ar<\/strong><\/p>\n","protected":false},"excerpt":{"rendered":"<p>Iris Aguilar, la directora del Vacunatorio Central, asegur\u00f3 que hay\u00a065 casos de\u00a0Covid\u00a0confirmados en lo que va de enero, y que este n\u00famero aument\u00f3 despu\u00e9s de las fiestas de fin de a\u00f1o. Adem\u00e1s,\u00a0pidi\u00f3 a la poblaci\u00f3n retomar los h\u00e1bitos de cuidado para prevenir el contagio. En comunicaci\u00f3n con Canal 7, la especialista fue consultada por la&nbsp;variante [&hellip;]<\/p>\n","protected":false},"author":2,"featured_media":4586,"comment_status":"open","ping_status":"open","sticky":false,"template":"","format":"standard","meta":[],"categories":[58],"tags":[],"_links":{"self":[{"href":"https:\/\/pasaenmendoza.com\/index.php?rest_route=\/wp\/v2\/posts\/4582"}],"collection":[{"href":"https:\/\/pasaenmendoza.com\/index.php?rest_route=\/wp\/v2\/posts"}],"about":[{"href":"https:\/\/pasaenmendoza.com\/index.php?rest_route=\/wp\/v2\/types\/post"}],"author":[{"embeddable":true,"href":"https:\/\/pasaenmendoza.com\/index.php?rest_route=\/wp\/v2\/users\/2"}],"replies":[{"embeddable":true,"href":"https:\/\/pasaenmendoza.com\/index.php?rest_route=%2Fwp%2Fv2%2Fcomments&post=4582"}],"version-history":[{"count":1,"href":"https:\/\/pasaenmendoza.com\/index.php?rest_route=\/wp\/v2\/posts\/4582\/revisions"}],"predecessor-version":[{"id":4587,"href":"https:\/\/pasaenmendoza.com\/index.php?rest_route=\/wp\/v2\/posts\/4582\/revisions\/4587"}],"wp:featuredmedia":[{"embeddable":true,"href":"https:\/\/pasaenmendoza.com\/index.php?rest_route=\/wp\/v2\/media\/4586"}],"wp:attachment":[{"href":"https:\/\/pasaenmendoza.com\/index.php?rest_route=%2Fwp%2Fv2%2Fmedia&parent=4582"}],"wp:term":[{"taxonomy":"category","embeddable":true,"href":"https:\/\/pasaenmendoza.com\/index.php?rest_route=%2Fwp%2Fv2%2Fcategories&post=4582"},{"taxonomy":"post_tag","embeddable":true,"href":"https:\/\/pasaenmendoza.com\/index.php?rest_route=%2Fwp%2Fv2%2Ftags&post=4582"}],"curies":[{"name":"wp","href":"https:\/\/api.w.org\/{rel}","templated":true}]}}