{"id":4585,"date":"2024-01-16T13:30:29","date_gmt":"2024-01-16T12:30:29","guid":{"rendered":"https:\/\/pasaenmendoza.com\/?p=4585"},"modified":"2024-01-16T13:30:31","modified_gmt":"2024-01-16T12:30:31","slug":"anabel-bermejo-y-aveiro-escucharon-a-entidades-que-se-ven-perjudicadas-por-la-ley-omnibus-y-el-dnu","status":"publish","type":"post","link":"https:\/\/pasaenmendoza.com\/?p=4585","title":{"rendered":"Anabel, Bermejo y Aveiro escucharon a entidades que se ven perjudicadas por la Ley \u00d3mnibus y el DNU"},"content":{"rendered":"\n<p>Los legisladores nacionales del peronismo estuvieron con representantes de la Escuela de Cine y del Colegio de Psic\u00f3logos de Mendoza. Tomaron nota de los reclamos contra la Ley \u00d3mnibus y el DNU<\/p>\n\n\n\n<p>El\u00a0<strong>peronismo\u00a0<\/strong>parece haber redoblado sus esfuerzos esta semana\u00a0para intensificar sus acciones en procura de bajar la\u00a0<strong>Ley \u00d3mnibus<\/strong>\u00a0impulsada por Javier Milei. En Mendoza, tres referentes del justicialismo mantuvieron reuniones en las \u00faltimas horas con sectores que consideran que ese paquete de propuestas del Presidente como el DNU que derog\u00f3 leyes, los perjudican.<\/p>\n\n\n\n<p>Los diputados<strong>\u00a0Mart\u00edn Aveiro y Adolfo Bermejo\u00a0<\/strong>y la senadora\u00a0<strong>Anabel Fern\u00e1ndez Sagasti\u00a0<\/strong>fueron quienes en el inicio de esta semana estuvieron primero con con autoridades y estudiantes de la\u00a0<strong>Escuela Regional de Cine<\/strong>\u00a0y luego con el\u00a0<strong>Colegio de Pisc\u00f3logos de Mendoza.<\/strong><\/p>\n\n\n\n<p>Estos encuentros se produjeron al mismo tiempo que avanza en comisiones del Congreso el debate para tratar la\u00a0<strong>Ley de Bases y Puntos de Partida para La Libertad de los Argentinos,<\/strong>\u00a0conocida como Ley \u00d3mnibus.<\/p>\n\n\n\n<h2 class=\"wp-block-heading\">Los perjuicios de la Ley \u00d3mnibus al cine y a los psic\u00f3logos<\/h2>\n\n\n\n<p>El maipucino&nbsp;<strong>Adolfo Bermejo&nbsp;<\/strong>cont\u00f3 que &#8220;continuamos en Mendoza con la escucha activa de sectores de la sociedad perjudicados por el DNU presidencial. Autoridades y estudiantes de la Escuela Regional de Cine, nos manifestaron la gravedad que genera para el presente y el futuro de la cultura y el cine nacional&#8221;.<\/p>\n\n\n\n<p>Sagasti expres\u00f3 por su parte:&nbsp;<strong>&#8220;El cine argentino est\u00e1 en peligro.&nbsp;<\/strong>Nos reunimos con integrantes de la ENERC (Escuela Nacional de Experimentaci\u00f3n y Realizaci\u00f3n Cinematogr\u00e1fica) de Cuyo, quienes nos contaron c\u00f3mo el proyecto de Ley \u00d3mnibus de Milei perjudica las posibilidades de desarrollo del sector. La industria cinematogr\u00e1fica es nuestro orgullo y vamos a defenderla&#8221;.<\/p>\n\n\n\n<p>El tunuyanino Aveiro indic\u00f3: &#8220;Los legisladores nacionales por Mendoza seguimos escuchando a los distintos sectores que se ven perjudicados con el DNU y la Ley \u00d3mnibus de Milei.\u00a0<strong>Nos piden que no claudiquemos en la lucha por la defensa de la Patria y los derechos de los trabajadores, y no vamos a hacerlo&#8221;.<\/strong><\/p>\n\n\n\n<p>Pr\u00e1cticamente en simult\u00e1neo a estas reuniones el director de cine Santiago Mitre expuso en el Congreso y rechaz\u00f3 la Ley \u00d3mnibus por considerarla perjudicial para la industria y sostuvo que no est\u00e1n pidiendo &#8220;plata sino que se mantenga la posibilidad de autofinanciamiento&#8221;.<\/p>\n\n\n\n<p>El director de la pel\u00edcula&nbsp;<strong>Argentina, 1985<\/strong>&nbsp;consider\u00f3 que la norma es un &#8220;gesto demag\u00f3gico y destructivo&#8221; que har\u00e1 del cine una industria &#8220;susceptible a convertirse en una herramienta m\u00e1s de los caprichos de la contingencia pol\u00edtica&#8221;.<\/p>\n\n\n\n<p><strong>&#8220;El cine no pide plata, pide que se mantenga la ley que le permite autofinanciarse&#8221;,&nbsp;<\/strong>subray\u00f3 Mitre, que fue aplaudido por los presentes en el plenario de la C\u00e1mara Baja.<\/p>\n\n\n\n<p>Mitre expuso en representaci\u00f3n de la C\u00e1mara Argentina de la Industria Cinematogr\u00e1fica, y se refiri\u00f3 a su experiencia en la pel\u00edcula Argentina, 1985, durante la que pudo observar &#8220;la admiraci\u00f3n que genera la cinematograf\u00eda nacional en el mundo&#8221;.<\/p>\n\n\n\n<p><strong>&#8220;\u00bfExistir\u00edan las pel\u00edculas de Ricardo Dar\u00edn, de Mercedes Mor\u00e1n, de Adri\u00e1n Suar, de Cecilia Roth, de Rodrigo De la Serna y de tantos otros si no hubiese existido una Ley de Cine que propuls\u00f3 y sostuvo una cinematograf\u00eda a lo largo del tiempo? No&#8221;,<\/strong>&nbsp;enfatiz\u00f3 Mitre.<\/p>\n\n\n\n<p>&#8220;Argentina es el pa\u00eds que m\u00e1s nominaciones al Oscar tiene en la regi\u00f3n. \u00bfPor qu\u00e9 sucede eso? Porque hay una Ley de Cine que sostiene y fomenta la existencia de un cine argentino. Las pel\u00edculas argentinas se exportan a todo el mundo, son reconocidas en todo el mundo, generan divisas, trabajo de calidad y valor agregado. Le dan visibilidad a nuestro pa\u00eds, generan admiraci\u00f3n, \u00bfpor qu\u00e9 queremos destruir eso? \u00bfPara qu\u00e9?&#8221;, se quej\u00f3 el director.<\/p>\n\n\n\n<h2 class=\"wp-block-heading\">Con los psic\u00f3logos<\/h2>\n\n\n\n<p>Los legisladores nacionales mendocinos tambi\u00e9n se reunieron con profesionales de salud, en este caso del Colegio de Psic\u00f3logos de Mendoza.<\/p>\n\n\n\n<p>Sobre este encuentro Bermejo puntualiz\u00f3: &#8220;<a href=\"https:\/\/twitter.com\/AdolBermejo\"><\/a>&nbsp;Convocados por profesionales de la salud mental de Mendoza, nos reunimos para conocer sus inquietudes sobre las modificaciones que promueve el gobierno nacional en el tema.<strong>&nbsp;Estos cambios generan un perjuicio en pacientes y sus familias, en desmedro del bienestar de la sociedad&#8221;.<\/strong><\/p>\n\n\n\n<p>Sagasti agreg\u00f3 que<strong>\u00a0&#8220;la salud mental es un derecho y no puede estar regida por las reglas del mercado.\u00a0<\/strong>Integrantes del Colegio de Psic\u00f3logos de Mendoza nos transmitieron su preocupaci\u00f3n ya que la Ley \u00d3mnibus pretende volver a un sistema arcaico de deshumanizaci\u00f3n de los pacientes&#8221;.<\/p>\n\n\n\n<p>FUENTE: Diariouno.com.ar <\/p>\n","protected":false},"excerpt":{"rendered":"<p>Los legisladores nacionales del peronismo estuvieron con representantes de la Escuela de Cine y del Colegio de Psic\u00f3logos de Mendoza. Tomaron nota de los reclamos contra la Ley \u00d3mnibus y el DNU El\u00a0peronismo\u00a0parece haber redoblado sus esfuerzos esta semana\u00a0para intensificar sus acciones en procura de bajar la\u00a0Ley \u00d3mnibus\u00a0impulsada por Javier Milei. En Mendoza, tres referentes [&hellip;]<\/p>\n","protected":false},"author":2,"featured_media":4592,"comment_status":"open","ping_status":"open","sticky":true,"template":"","format":"standard","meta":[],"categories":[47],"tags":[],"_links":{"self":[{"href":"https:\/\/pasaenmendoza.com\/index.php?rest_route=\/wp\/v2\/posts\/4585"}],"collection":[{"href":"https:\/\/pasaenmendoza.com\/index.php?rest_route=\/wp\/v2\/posts"}],"about":[{"href":"https:\/\/pasaenmendoza.com\/index.php?rest_route=\/wp\/v2\/types\/post"}],"author":[{"embeddable":true,"href":"https:\/\/pasaenmendoza.com\/index.php?rest_route=\/wp\/v2\/users\/2"}],"replies":[{"embeddable":true,"href":"https:\/\/pasaenmendoza.com\/index.php?rest_route=%2Fwp%2Fv2%2Fcomments&post=4585"}],"version-history":[{"count":1,"href":"https:\/\/pasaenmendoza.com\/index.php?rest_route=\/wp\/v2\/posts\/4585\/revisions"}],"predecessor-version":[{"id":4593,"href":"https:\/\/pasaenmendoza.com\/index.php?rest_route=\/wp\/v2\/posts\/4585\/revisions\/4593"}],"wp:featuredmedia":[{"embeddable":true,"href":"https:\/\/pasaenmendoza.com\/index.php?rest_route=\/wp\/v2\/media\/4592"}],"wp:attachment":[{"href":"https:\/\/pasaenmendoza.com\/index.php?rest_route=%2Fwp%2Fv2%2Fmedia&parent=4585"}],"wp:term":[{"taxonomy":"category","embeddable":true,"href":"https:\/\/pasaenmendoza.com\/index.php?rest_route=%2Fwp%2Fv2%2Fcategories&post=4585"},{"taxonomy":"post_tag","embeddable":true,"href":"https:\/\/pasaenmendoza.com\/index.php?rest_route=%2Fwp%2Fv2%2Ftags&post=4585"}],"curies":[{"name":"wp","href":"https:\/\/api.w.org\/{rel}","templated":true}]}}