{"id":4591,"date":"2024-01-16T13:33:51","date_gmt":"2024-01-16T12:33:51","guid":{"rendered":"https:\/\/pasaenmendoza.com\/?p=4591"},"modified":"2024-01-16T13:33:52","modified_gmt":"2024-01-16T12:33:52","slug":"una-patrulla-que-perseguia-a-un-sospechoso-en-las-heras-choco-contra-un-delivery-y-lo-mato","status":"publish","type":"post","link":"https:\/\/pasaenmendoza.com\/?p=4591","title":{"rendered":"Una patrulla que persegu\u00eda a un sospechoso en Las Heras choc\u00f3 contra un delivery y lo mat\u00f3"},"content":{"rendered":"\n<p>Una&nbsp;<strong>persecuci\u00f3n policial&nbsp;<\/strong>termin\u00f3 en tragedia en un barrio de&nbsp;<strong>Las Heras<\/strong>: una patrulla de la<strong>&nbsp;Polic\u00eda<\/strong>&nbsp;que estaba detr\u00e1s de un&nbsp;<strong>delincuente<\/strong>,&nbsp;<mark>termin\u00f3 chocando contra un delivery de una plataforma y lo mat\u00f3.<\/mark><\/p>\n\n\n\n<p>El lamentable hecho ocurri\u00f3 pasado el mediod\u00eda de este lunes, alrededor de las 14.30. La primera informaci\u00f3n dio cuenta que la movilidad persegu\u00eda<mark>&nbsp;a un sujeto armado por las calles del&nbsp;<strong>barrio Infanta<\/strong>.<\/mark><\/p>\n\n\n\n<p>La unidad hab\u00eda sido desplazada por una denuncia al 911 de un sujeto sospechoso hacia la calle Las Violetas del barrio\u00a0<strong>Jard\u00edn Aeroparque<\/strong>. En el lugar, los dos uniformados divisaron al individuo que se comportaba de manera sospechosa.<\/p>\n\n\n\n<p><mark>El hombre, que estaba en un biciclo, decidi\u00f3 escaparse, pero hizo notar que estaba armado.<\/mark><\/p>\n\n\n\n<p>En ese momento es cuando comenz\u00f3 la persecuci\u00f3n por calle Julio Cort\u00e1zar hacia el norte, en direcci\u00f3n al barrio Infanta. El seguimiento fue complicado, porque el sujeto aprovech\u00f3 un pasaje estrecho que conecta con el barrio Sargento Cabral para tomar distancia de sus perseguidores. Por este motivo, la patrulla tuvo que hacer un rodeo hasta que vuelven a divisarlo por calle Cort\u00e1zar.<\/p>\n\n\n\n<p>Pero&nbsp;<mark>al llegar a la intersecci\u00f3n con Estanislao Zeballos, la patrulla fue impactada en la parte delantera por una moto Honda de 150 cc que era ajena al hecho<\/mark>&nbsp;y que se dirig\u00eda por esa calle en direcci\u00f3n Este.<\/p>\n\n\n\n<p>El conductor del rodado hac\u00eda el reparto para una plataforma de entregas a domicilio\u00a0<mark>fue despedido por el impacto hacia una acequia y qued\u00f3 inconsciente<\/mark>. La situaci\u00f3n fue aprovechada por el sospechoso, que se perdi\u00f3 entre las calles.<\/p>\n\n\n\n<p>Minutos despu\u00e9s, los m\u00e9dicos del Servicio de Emergencias Coordinado certificaba que hab\u00eda fallecido producto del choque.<\/p>\n\n\n\n<p>La v\u00edctima fatal fue identificada como&nbsp;<strong>Mat\u00edas Sebasti\u00e1n Alberti<\/strong>, de 36 a\u00f1os, con domicilio en Godoy Cruz.<\/p>\n\n\n\n<p>Luego de la tragedia, en el lugar trabaj\u00f3 Polic\u00eda Cient\u00edfica y la Unidad Investigativa. El hecho es investigado como averiguaci\u00f3n por homicidio culposo por la Oficina Fiscal 5.<\/p>\n\n\n\n<p><strong>Fuente: www.elsol.com.ar<\/strong><\/p>\n","protected":false},"excerpt":{"rendered":"<p>Una&nbsp;persecuci\u00f3n policial&nbsp;termin\u00f3 en tragedia en un barrio de&nbsp;Las Heras: una patrulla de la&nbsp;Polic\u00eda&nbsp;que estaba detr\u00e1s de un&nbsp;delincuente,&nbsp;termin\u00f3 chocando contra un delivery de una plataforma y lo mat\u00f3. El lamentable hecho ocurri\u00f3 pasado el mediod\u00eda de este lunes, alrededor de las 14.30. La primera informaci\u00f3n dio cuenta que la movilidad persegu\u00eda&nbsp;a un sujeto armado por las [&hellip;]<\/p>\n","protected":false},"author":2,"featured_media":4595,"comment_status":"open","ping_status":"open","sticky":false,"template":"","format":"standard","meta":[],"categories":[48],"tags":[],"_links":{"self":[{"href":"https:\/\/pasaenmendoza.com\/index.php?rest_route=\/wp\/v2\/posts\/4591"}],"collection":[{"href":"https:\/\/pasaenmendoza.com\/index.php?rest_route=\/wp\/v2\/posts"}],"about":[{"href":"https:\/\/pasaenmendoza.com\/index.php?rest_route=\/wp\/v2\/types\/post"}],"author":[{"embeddable":true,"href":"https:\/\/pasaenmendoza.com\/index.php?rest_route=\/wp\/v2\/users\/2"}],"replies":[{"embeddable":true,"href":"https:\/\/pasaenmendoza.com\/index.php?rest_route=%2Fwp%2Fv2%2Fcomments&post=4591"}],"version-history":[{"count":1,"href":"https:\/\/pasaenmendoza.com\/index.php?rest_route=\/wp\/v2\/posts\/4591\/revisions"}],"predecessor-version":[{"id":4596,"href":"https:\/\/pasaenmendoza.com\/index.php?rest_route=\/wp\/v2\/posts\/4591\/revisions\/4596"}],"wp:featuredmedia":[{"embeddable":true,"href":"https:\/\/pasaenmendoza.com\/index.php?rest_route=\/wp\/v2\/media\/4595"}],"wp:attachment":[{"href":"https:\/\/pasaenmendoza.com\/index.php?rest_route=%2Fwp%2Fv2%2Fmedia&parent=4591"}],"wp:term":[{"taxonomy":"category","embeddable":true,"href":"https:\/\/pasaenmendoza.com\/index.php?rest_route=%2Fwp%2Fv2%2Fcategories&post=4591"},{"taxonomy":"post_tag","embeddable":true,"href":"https:\/\/pasaenmendoza.com\/index.php?rest_route=%2Fwp%2Fv2%2Ftags&post=4591"}],"curies":[{"name":"wp","href":"https:\/\/api.w.org\/{rel}","templated":true}]}}