{"id":4604,"date":"2024-01-16T14:00:33","date_gmt":"2024-01-16T13:00:33","guid":{"rendered":"https:\/\/pasaenmendoza.com\/?p=4604"},"modified":"2024-01-16T14:00:34","modified_gmt":"2024-01-16T13:00:34","slug":"un-ciclista-se-encuentra-grave-tras-un-accidente-en-lujan","status":"publish","type":"post","link":"https:\/\/pasaenmendoza.com\/?p=4604","title":{"rendered":"Un ciclista se encuentra grave tras un accidente en Luj\u00e1n"},"content":{"rendered":"\n<p>En la tarde de este lunes, un\u00a0<strong>ciclista identificado como J.P. M, de 23 a\u00f1os<\/strong>, result\u00f3 gravemente herido tras un accidente vial ocurrido en la Ruta 82, a aproximadamente 700 metros del\u00a0<strong>Puente del R\u00edo Mendoza<\/strong>, en el departamento de\u00a0<strong>Luj\u00e1n de Cuyo.<\/strong><\/p>\n\n\n\n<p>El accidente fue reportado a las autoridades mediante una llamada al 911, alertando sobre un incidente en la v\u00eda p\u00fablica.\u00a0<\/p>\n\n\n\n<p>Al llegar al lugar, personal policial se encontr\u00f3 con el ciclista en estado cr\u00edtico, tendido inconsciente sobre la carpeta asf\u00e1ltica. De inmediato, se activaron los protocolos de emergencia y se solicit\u00f3 la asistencia m\u00e9dica.<\/p>\n\n\n\n<p>Los m\u00e9dicos del&nbsp;<strong>Servicio de Emergencia Coordinado (SEC)<\/strong>&nbsp;brindaron los primeros auxilios al herido y procedieron a trasladarlo de urgencia al&nbsp;<strong>Hospital Central.<\/strong>&nbsp;El diagn\u00f3stico inicial indica un<strong>&nbsp;Traumatismo enc\u00e9falo craneano (T.E.C) de gravedad<\/strong>, lo que evidencia la severidad de las lesiones sufridas en el accidente.<\/p>\n\n\n\n<p>En el lugar del siniestro, la Polic\u00eda Cient\u00edfica llev\u00f3 a cabo las primeras investigaciones para determinar las causas del incidente. La complejidad del caso ha llevado a la intervenci\u00f3n de la Oficina Fiscal N\u00b0 15 de la Comisar\u00eda 47\u00b0, que continuar\u00e1 con la investigaci\u00f3n para esclarecer los hechos y determinar eventuales responsabilidades.<\/p>\n\n\n\n<p><strong>Fuente: www.mendozapost.com<\/strong><\/p>\n","protected":false},"excerpt":{"rendered":"<p>En la tarde de este lunes, un\u00a0ciclista identificado como J.P. M, de 23 a\u00f1os, result\u00f3 gravemente herido tras un accidente vial ocurrido en la Ruta 82, a aproximadamente 700 metros del\u00a0Puente del R\u00edo Mendoza, en el departamento de\u00a0Luj\u00e1n de Cuyo. El accidente fue reportado a las autoridades mediante una llamada al 911, alertando sobre un [&hellip;]<\/p>\n","protected":false},"author":2,"featured_media":4606,"comment_status":"open","ping_status":"open","sticky":false,"template":"","format":"standard","meta":[],"categories":[48],"tags":[],"_links":{"self":[{"href":"https:\/\/pasaenmendoza.com\/index.php?rest_route=\/wp\/v2\/posts\/4604"}],"collection":[{"href":"https:\/\/pasaenmendoza.com\/index.php?rest_route=\/wp\/v2\/posts"}],"about":[{"href":"https:\/\/pasaenmendoza.com\/index.php?rest_route=\/wp\/v2\/types\/post"}],"author":[{"embeddable":true,"href":"https:\/\/pasaenmendoza.com\/index.php?rest_route=\/wp\/v2\/users\/2"}],"replies":[{"embeddable":true,"href":"https:\/\/pasaenmendoza.com\/index.php?rest_route=%2Fwp%2Fv2%2Fcomments&post=4604"}],"version-history":[{"count":1,"href":"https:\/\/pasaenmendoza.com\/index.php?rest_route=\/wp\/v2\/posts\/4604\/revisions"}],"predecessor-version":[{"id":4607,"href":"https:\/\/pasaenmendoza.com\/index.php?rest_route=\/wp\/v2\/posts\/4604\/revisions\/4607"}],"wp:featuredmedia":[{"embeddable":true,"href":"https:\/\/pasaenmendoza.com\/index.php?rest_route=\/wp\/v2\/media\/4606"}],"wp:attachment":[{"href":"https:\/\/pasaenmendoza.com\/index.php?rest_route=%2Fwp%2Fv2%2Fmedia&parent=4604"}],"wp:term":[{"taxonomy":"category","embeddable":true,"href":"https:\/\/pasaenmendoza.com\/index.php?rest_route=%2Fwp%2Fv2%2Fcategories&post=4604"},{"taxonomy":"post_tag","embeddable":true,"href":"https:\/\/pasaenmendoza.com\/index.php?rest_route=%2Fwp%2Fv2%2Ftags&post=4604"}],"curies":[{"name":"wp","href":"https:\/\/api.w.org\/{rel}","templated":true}]}}