{"id":4605,"date":"2024-01-16T14:03:34","date_gmt":"2024-01-16T13:03:34","guid":{"rendered":"https:\/\/pasaenmendoza.com\/?p=4605"},"modified":"2024-01-16T14:03:35","modified_gmt":"2024-01-16T13:03:35","slug":"turismo-en-mendoza-la-caida-no-se-detiene-y-crecen-las-expectativas-por-lo-que-resta-de-la-temporada","status":"publish","type":"post","link":"https:\/\/pasaenmendoza.com\/?p=4605","title":{"rendered":"Turismo en Mendoza: la ca\u00edda no se detiene y crecen las expectativas por lo que resta de la temporada"},"content":{"rendered":"\n<p>A\u00f1o tras a\u00f1o la provincia se posiciona como uno de los destinos tur\u00edsticos m\u00e1s elegidos por argentinos y extranjeros. Si bien a lo largo de los \u00faltimos d\u00edas de diciembre de 2023 las expectativas no eran las mejores, desde el&nbsp;<strong>Ente Turismo de Mendoza<\/strong>&nbsp;(EMETUR) se\u00f1alaron que esperaban encontrarse con datos m\u00e1s desalentadores, dentro de una ca\u00edda que los primeros quince d\u00edas de enero va<mark>&nbsp;del 5% al 7%.<\/mark><\/p>\n\n\n\n<p>\u201c<mark>La ocupaci\u00f3n se encuentra entre el 50% y 55%<\/mark>, seg\u00fan los sectores. Si bien observamos un comportamiento bajo en relaci\u00f3n a temporadas anteriores, los n\u00fameros no est\u00e1n tan mal en cuanto a lo que se esperaba en diciembre. Lo habitual suele ser que se ronde el 50% o 60%\u201d, asegur\u00f3&nbsp;<strong>Marcelo Reynoso<\/strong>, director de Calidad y Servicios Tur\u00edsticos del Emetur.<\/p>\n\n\n\n<p>El funcionario destac\u00f3 que dentro del Gran Mendoza,<mark>\u00a0Cacheuta, Potrerillos y Chacras de Coria son las zonas m\u00e1s concurridas<\/mark>. Por su parte,<strong>\u00a0San Rafael y Malarg\u00fce\u00a0<\/strong>son tambi\u00e9n dos de los destinos elegidos, mientras que\u00a0<mark>el Valle de Uco registra bajas.<\/mark><\/p>\n\n\n\n<p><em>\u201cMiramos con expectativas los n\u00fameros de lo que resta de enero y febrero.\u00a0<mark>La ocupaci\u00f3n ya se encuentra por encima del 55%<\/mark>\u00a0y esperamos que se sigan confirmando reservas. Hay una leve suba\u201d,<\/em>\u00a0asegur\u00f3 Reynoso.<\/p>\n\n\n\n<p>Por otra parte, en relaci\u00f3n a&nbsp;<strong>SALE Mendoza<\/strong>, la promoci\u00f3n que ofrece un 30% de descuentos en servicios tur\u00edsticos para mendocinos y visitantes nacionales, la autoridad expres\u00f3 que observan un muy buen comportamiento, con consultas constantes. Adem\u00e1s, frente a la posibilidad de extenderlo hasta&nbsp;<strong>Vendimia<\/strong>, \u00e9poca con gran movimiento tur\u00edstico en la provincia, asegur\u00f3 que todav\u00eda no se trata el tema con el sector privado y que<mark>&nbsp;se est\u00e1 evaluando su desarrollo durante la temporada.<\/mark><\/p>\n\n\n\n<h2 class=\"wp-block-heading\" id=\"h-visitas-nacionales-las-mas-frecuentes\">Visitas nacionales, las m\u00e1s frecuentes<\/h2>\n\n\n\n<p>Seg\u00fan los datos aportados por el Emetur, un 85% de los turistas son nacionales. En su mayor\u00eda, llegan a la provincia desde<mark>\u00a0Buenos Aires, C\u00f3rdoba y Santa Fe<\/mark>. Sin embargo, aseguran que la demanda internacional se mantiene.<\/p>\n\n\n\n<p><em>\u201cNo hay baja de turismo internacional. Vienen mucho desde Brasil, Paraguay, Uruguay y Chile. Lo que s\u00ed\u00a0<mark>baj\u00f3 es el turismo de compras<\/mark>, pero sab\u00edamos que no era algo sostenible en el tiempo\u201d,\u00a0<\/em>afirm\u00f3 Marcelo Reynoso.<\/p>\n\n\n\n<p>El gasto promedio diario se ubica en&nbsp;<strong>$35.000<\/strong>, un n\u00famero que en la primera quincena de enero de 2023 era de $10.000. Una cifra marcada por un contexto inflacionario y que var\u00eda seg\u00fan las prestaciones que el turista elija.<\/p>\n\n\n\n<p>En cuanto a la estad\u00eda,\u00a0<mark>la media suele ser de cinco d\u00edas<\/mark>. Mientras muchos buscan los fines de semana largo para visitar Mendoza, hay quienes optan por el turismo aventura y permanecen de 10 a 15 d\u00edas en la provincia.<\/p>\n\n\n\n<p><strong>Fuente: www.elsol.com.ar<\/strong><\/p>\n","protected":false},"excerpt":{"rendered":"<p>A\u00f1o tras a\u00f1o la provincia se posiciona como uno de los destinos tur\u00edsticos m\u00e1s elegidos por argentinos y extranjeros. Si bien a lo largo de los \u00faltimos d\u00edas de diciembre de 2023 las expectativas no eran las mejores, desde el&nbsp;Ente Turismo de Mendoza&nbsp;(EMETUR) se\u00f1alaron que esperaban encontrarse con datos m\u00e1s desalentadores, dentro de una ca\u00edda [&hellip;]<\/p>\n","protected":false},"author":2,"featured_media":4608,"comment_status":"open","ping_status":"open","sticky":false,"template":"","format":"standard","meta":[],"categories":[64],"tags":[],"_links":{"self":[{"href":"https:\/\/pasaenmendoza.com\/index.php?rest_route=\/wp\/v2\/posts\/4605"}],"collection":[{"href":"https:\/\/pasaenmendoza.com\/index.php?rest_route=\/wp\/v2\/posts"}],"about":[{"href":"https:\/\/pasaenmendoza.com\/index.php?rest_route=\/wp\/v2\/types\/post"}],"author":[{"embeddable":true,"href":"https:\/\/pasaenmendoza.com\/index.php?rest_route=\/wp\/v2\/users\/2"}],"replies":[{"embeddable":true,"href":"https:\/\/pasaenmendoza.com\/index.php?rest_route=%2Fwp%2Fv2%2Fcomments&post=4605"}],"version-history":[{"count":1,"href":"https:\/\/pasaenmendoza.com\/index.php?rest_route=\/wp\/v2\/posts\/4605\/revisions"}],"predecessor-version":[{"id":4609,"href":"https:\/\/pasaenmendoza.com\/index.php?rest_route=\/wp\/v2\/posts\/4605\/revisions\/4609"}],"wp:featuredmedia":[{"embeddable":true,"href":"https:\/\/pasaenmendoza.com\/index.php?rest_route=\/wp\/v2\/media\/4608"}],"wp:attachment":[{"href":"https:\/\/pasaenmendoza.com\/index.php?rest_route=%2Fwp%2Fv2%2Fmedia&parent=4605"}],"wp:term":[{"taxonomy":"category","embeddable":true,"href":"https:\/\/pasaenmendoza.com\/index.php?rest_route=%2Fwp%2Fv2%2Fcategories&post=4605"},{"taxonomy":"post_tag","embeddable":true,"href":"https:\/\/pasaenmendoza.com\/index.php?rest_route=%2Fwp%2Fv2%2Ftags&post=4605"}],"curies":[{"name":"wp","href":"https:\/\/api.w.org\/{rel}","templated":true}]}}