{"id":4610,"date":"2024-01-17T13:00:10","date_gmt":"2024-01-17T12:00:10","guid":{"rendered":"https:\/\/pasaenmendoza.com\/?p=4610"},"modified":"2024-01-17T13:00:11","modified_gmt":"2024-01-17T12:00:11","slug":"se-filtran-nombres-para-ocupar-cargos-clave-en-el-equipo-de-energia-y-ambiente-de-alfredo-cornejo","status":"publish","type":"post","link":"https:\/\/pasaenmendoza.com\/?p=4610","title":{"rendered":"Se filtran nombres para ocupar cargos clave en el equipo de Energ\u00eda y Ambiente de Alfredo Cornejo"},"content":{"rendered":"\n<p>El gobernador de Mendoza,\u00a0<strong>Alfredo Cornejo<\/strong>, a\u00fan no completa su equipo de gobierno a m\u00e1s de un mes de haber asumido. El ministerio que todav\u00eda no oficializa sus funcionarios es el de\u00a0Energ\u00eda y Ambiente, conducido por\u00a0<strong>Jimena<\/strong>\u00a0<strong>Latorre<\/strong>. No obstante, seg\u00fan fue revelado, este jueves podr\u00eda darse la lista completa de quienes formar\u00e1n parte de este \u00e1rea de la administraci\u00f3n provincial. Incluso, se filtraron algunos nombres.<\/p>\n\n\n\n<p><strong>Latorre\u00a0<\/strong>se ha manejado con hermetismo respecto a la composici\u00f3n de su equipo. De hecho, su ministerio ser\u00e1 el \u00faltimo en dar a conocer el organigrama, que a cuentagotas ha ido revelando dirigentes.<\/p>\n\n\n\n<p>Sebasti\u00e1n Melchor, que hoy en d\u00eda est\u00e1 cargo de la Direcci\u00f3n de Recursos Naturales Renovables, pasar\u00eda a desempe\u00f1arse como subsecretario de Ambiente. Melchor forma parte del Partido Socialista, hoy aliado a Cambia Mendoza. Adem\u00e1s formar\u00e1 parte del grupo que se mantiene durante los tres gobiernos de Cambia Mendoza en un cargo.<\/p>\n\n\n\n<p>En la\u00a0Subsecretar\u00eda de Ambiente se encuentran la Direcci\u00f3n de \u00c1reas Protegidas; la Direcci\u00f3n de Protecci\u00f3n Ambiental; la Direcci\u00f3n de Biodiversidad y Ecoparque; y la Direcci\u00f3n de Hidr\u00e1ulica. Esta \u00faltima dependencia funcion\u00f3 en los \u00faltimos a\u00f1os dentro del Ministerio de Infraestructura y ahora pas\u00f3 a vincularse las \u00e1reas ambientales.<\/p>\n\n\n\n<p>Tambi\u00e9n aparece en la \u00f3rbita Leonardo Fern\u00e1ndez, el dirigente del Movimiento de Integraci\u00f3n y Desarrollo Mendoza -partido que integra Cambia Mendoza- que fue candidato a intendente de Santa Rosa en las \u00faltimas elecciones. Fern\u00e1ndez estar\u00e1 al frente de la Direcci\u00f3n de Protecci\u00f3n Ambiental. Miriam Skalany dejar\u00eda\u00a0ese\u00a0\u00e1rea para -confiaron a este diario- ser asesora de Gabinete.<\/p>\n\n\n\n<p>\u00a0<strong>Jimena Latorre<\/strong>\u00a0contar\u00e1 con una Subsecretar\u00eda de Ambiente y una Subsecretar\u00eda de Energ\u00eda y Miner\u00eda, adem\u00e1s de una Jefatura de Gabinete y las direcciones de Asuntos Jur\u00eddicos y de Administraci\u00f3n.<\/p>\n\n\n\n<p>A su vez, cada una de las subsecretar\u00edas tendr\u00e1 cuatro direcciones bajo su \u00f3rbita. En el esquema de gobierno continuar\u00e1n la Direcci\u00f3n de Miner\u00eda y la Direcci\u00f3n de Hidrocarburos, subordinadas a la Subsecretar\u00eda de Energ\u00eda y Miner\u00eda. Tambi\u00e9n habr\u00e1 una nueva Direcci\u00f3n de Transici\u00f3n Energ\u00e9tica y una Direcci\u00f3n de Servicios El\u00e9ctricos, que se encargar\u00e1 del v\u00ednculo con las distribuidoras del servicio de electricidad que durante los \u00faltimos a\u00f1os depend\u00eda de la Secretar\u00eda de Servicios P\u00fablicos.<\/p>\n\n\n\n<p>Al frente de la Direcci\u00f3n de Miner\u00eda nombraron a&nbsp;<strong>Jer\u00f3nimo Shantal<\/strong>, un abogado especializado en Derecho Minero. El dirigente proveniente del PRO fue asesor en la Legislatura del exlegislador, Pablo Priore, y tambi\u00e9n se desempe\u00f1\u00f3 como s\u00edndico en la Sociedad de Transporte de Mendoza (STM). En 2021 asumi\u00f3 como Gerente de Legales de la empresa PRC cuando la provincia se hizo cargo de Potasio R\u00edo Colorado. Esto&nbsp;despert\u00f3 pol\u00e9mica entre grupos ambientalistas, ya que durante el conflicto por el intento de reforma de la Ley 7722 en diciembre de 2019, el abogado denunci\u00f3 por privaci\u00f3n ileg\u00edtima de la libertad a asamble\u00edstas que se manifestaron frente a la Legislatura e imped\u00edan la salida de legisladores.<\/p>\n\n\n\n<p>Entre otras cosas, tambi\u00e9n cuestionaron que el eventual funcionario no cumplir\u00eda los requisitos para estar al frente de la Direcci\u00f3n de Miner\u00eda. Argumentan que la legislaci\u00f3n establece que el director de esta \u00e1rea debe tener \u201ct\u00edtulo habilitante de ingeniero de minas, ge\u00f3logo, doctor en ciencias naturales con especialidad en geolog\u00eda o ingeniero especializado con idoneidad en miner\u00eda\u201d. No obstante, se trata de una norma que data del a\u00f1o 1971 y ha ido sufriendo modificaciones a lo largo del tiempo.<\/p>\n\n\n\n<p>Estanislao Schilardi es director de Hidrocarburos.<\/p>\n\n\n\n<p>Por su parte, Manuel L\u00f3pez es el jefe de Gabinete de\u00a0<strong>Latorre<\/strong>. Fue dado a conocer sin la\u00a0realizaci\u00f3n de una presentaci\u00f3n oficial.\u00a0La\u00a0confirmaci\u00f3n lleg\u00f3 &#8220;de rebote&#8221; a trav\u00e9s de un comunicado\u00a0de\u00a0Jer\u00e1rquicos del Petr\u00f3leo de Cuyo, en el cual se lo denomin\u00f3 como funcionario en representaci\u00f3n del ministerio.\u00a0<\/p>\n\n\n\n<p>El Ministerio de Energ\u00eda y Ambiente estar\u00e1 a cargo del dise\u00f1o, planificaci\u00f3n y ejecuci\u00f3n de la pol\u00edtica hidrocarbur\u00edfera, minera y energ\u00e9tica de forma sostenible. Le corresponde tambi\u00e9n la planificaci\u00f3n y ejecuci\u00f3n de las pol\u00edticas ambientales garantizando la sostenibilidad ambiental y reforzando el rol del Estado como ordenador, regulador, promotor y fiscalizador.<\/p>\n\n\n\n<p>Los organismos que se relacionar\u00e1n funcionalmente con el Poder Ejecutivo a trav\u00e9s del Ministerio de Energ\u00eda y Ambiente ser\u00e1n las siguientes: Ente Provincial Regulador El\u00e9ctrico (EPRE),\u00a0Empresa Mendocina de Energ\u00eda SA (EMESA), Dioxitek SA, Impulsa Mendoza SA y Potasio R\u00edo Colorado (PRC). En el caso del EPRE, todo parecer indicar que continuar\u00eda en el cargo Andrea Molina.<\/p>\n\n\n\n<p>FUENTE: Mdzonline.<\/p>\n","protected":false},"excerpt":{"rendered":"<p>El gobernador de Mendoza,\u00a0Alfredo Cornejo, a\u00fan no completa su equipo de gobierno a m\u00e1s de un mes de haber asumido. El ministerio que todav\u00eda no oficializa sus funcionarios es el de\u00a0Energ\u00eda y Ambiente, conducido por\u00a0Jimena\u00a0Latorre. No obstante, seg\u00fan fue revelado, este jueves podr\u00eda darse la lista completa de quienes formar\u00e1n parte de este \u00e1rea de [&hellip;]<\/p>\n","protected":false},"author":2,"featured_media":4611,"comment_status":"open","ping_status":"open","sticky":true,"template":"","format":"standard","meta":[],"categories":[47],"tags":[],"_links":{"self":[{"href":"https:\/\/pasaenmendoza.com\/index.php?rest_route=\/wp\/v2\/posts\/4610"}],"collection":[{"href":"https:\/\/pasaenmendoza.com\/index.php?rest_route=\/wp\/v2\/posts"}],"about":[{"href":"https:\/\/pasaenmendoza.com\/index.php?rest_route=\/wp\/v2\/types\/post"}],"author":[{"embeddable":true,"href":"https:\/\/pasaenmendoza.com\/index.php?rest_route=\/wp\/v2\/users\/2"}],"replies":[{"embeddable":true,"href":"https:\/\/pasaenmendoza.com\/index.php?rest_route=%2Fwp%2Fv2%2Fcomments&post=4610"}],"version-history":[{"count":1,"href":"https:\/\/pasaenmendoza.com\/index.php?rest_route=\/wp\/v2\/posts\/4610\/revisions"}],"predecessor-version":[{"id":4612,"href":"https:\/\/pasaenmendoza.com\/index.php?rest_route=\/wp\/v2\/posts\/4610\/revisions\/4612"}],"wp:featuredmedia":[{"embeddable":true,"href":"https:\/\/pasaenmendoza.com\/index.php?rest_route=\/wp\/v2\/media\/4611"}],"wp:attachment":[{"href":"https:\/\/pasaenmendoza.com\/index.php?rest_route=%2Fwp%2Fv2%2Fmedia&parent=4610"}],"wp:term":[{"taxonomy":"category","embeddable":true,"href":"https:\/\/pasaenmendoza.com\/index.php?rest_route=%2Fwp%2Fv2%2Fcategories&post=4610"},{"taxonomy":"post_tag","embeddable":true,"href":"https:\/\/pasaenmendoza.com\/index.php?rest_route=%2Fwp%2Fv2%2Ftags&post=4610"}],"curies":[{"name":"wp","href":"https:\/\/api.w.org\/{rel}","templated":true}]}}