{"id":4617,"date":"2024-01-17T13:28:38","date_gmt":"2024-01-17T12:28:38","guid":{"rendered":"https:\/\/pasaenmendoza.com\/?p=4617"},"modified":"2024-01-17T13:28:40","modified_gmt":"2024-01-17T12:28:40","slug":"vuelve-el-calor-este-miercoles-y-se-queda-varios-dias","status":"publish","type":"post","link":"https:\/\/pasaenmendoza.com\/?p=4617","title":{"rendered":"Vuelve el calor este mi\u00e9rcoles y se queda varios d\u00edas"},"content":{"rendered":"\n<p>Este mi\u00e9rcoles, el pron\u00f3stico para Gran Mendoza indica<strong>&nbsp;una jornada calurosa y con cielo parcialmente nublado.&nbsp;<\/strong><\/p>\n\n\n\n<p>Seg\u00fan el&nbsp;<strong>Servicio Meteorol\u00f3gico Nacional<\/strong>, en el Gran Mendoza la m\u00e1xima llegar\u00e1 a los<strong>&nbsp;33\u00b0&nbsp;<\/strong>y el resto de la semana se mantienen alrededor de ese valor.&nbsp;<\/p>\n\n\n\n<p>El&nbsp;<strong>viento<\/strong>&nbsp;se mantiene moderado desde el Norte.<\/p>\n\n\n\n<p>La humedad sigue esta ma\u00f1ana por encima del 60% pero no hay precipitaciones previstas al menos hasta el fin de semana.&nbsp;<\/p>\n\n\n\n<p>Para ma\u00f1ana jueves, el pron\u00f3stico indica poco cambio de temperatura, con una\u00a0<strong>m\u00e1xima de 33\u00b0 y\u00a0 cielo algo nublado.<\/strong>\u00a0<\/p>\n\n\n\n<p><strong>Fuente: www.mendozapost.com<\/strong><\/p>\n","protected":false},"excerpt":{"rendered":"<p>Este mi\u00e9rcoles, el pron\u00f3stico para Gran Mendoza indica&nbsp;una jornada calurosa y con cielo parcialmente nublado.&nbsp; Seg\u00fan el&nbsp;Servicio Meteorol\u00f3gico Nacional, en el Gran Mendoza la m\u00e1xima llegar\u00e1 a los&nbsp;33\u00b0&nbsp;y el resto de la semana se mantienen alrededor de ese valor.&nbsp; El&nbsp;viento&nbsp;se mantiene moderado desde el Norte. La humedad sigue esta ma\u00f1ana por encima del 60% pero [&hellip;]<\/p>\n","protected":false},"author":2,"featured_media":4621,"comment_status":"open","ping_status":"open","sticky":false,"template":"","format":"standard","meta":[],"categories":[52],"tags":[],"_links":{"self":[{"href":"https:\/\/pasaenmendoza.com\/index.php?rest_route=\/wp\/v2\/posts\/4617"}],"collection":[{"href":"https:\/\/pasaenmendoza.com\/index.php?rest_route=\/wp\/v2\/posts"}],"about":[{"href":"https:\/\/pasaenmendoza.com\/index.php?rest_route=\/wp\/v2\/types\/post"}],"author":[{"embeddable":true,"href":"https:\/\/pasaenmendoza.com\/index.php?rest_route=\/wp\/v2\/users\/2"}],"replies":[{"embeddable":true,"href":"https:\/\/pasaenmendoza.com\/index.php?rest_route=%2Fwp%2Fv2%2Fcomments&post=4617"}],"version-history":[{"count":1,"href":"https:\/\/pasaenmendoza.com\/index.php?rest_route=\/wp\/v2\/posts\/4617\/revisions"}],"predecessor-version":[{"id":4622,"href":"https:\/\/pasaenmendoza.com\/index.php?rest_route=\/wp\/v2\/posts\/4617\/revisions\/4622"}],"wp:featuredmedia":[{"embeddable":true,"href":"https:\/\/pasaenmendoza.com\/index.php?rest_route=\/wp\/v2\/media\/4621"}],"wp:attachment":[{"href":"https:\/\/pasaenmendoza.com\/index.php?rest_route=%2Fwp%2Fv2%2Fmedia&parent=4617"}],"wp:term":[{"taxonomy":"category","embeddable":true,"href":"https:\/\/pasaenmendoza.com\/index.php?rest_route=%2Fwp%2Fv2%2Fcategories&post=4617"},{"taxonomy":"post_tag","embeddable":true,"href":"https:\/\/pasaenmendoza.com\/index.php?rest_route=%2Fwp%2Fv2%2Ftags&post=4617"}],"curies":[{"name":"wp","href":"https:\/\/api.w.org\/{rel}","templated":true}]}}