{"id":4620,"date":"2024-01-17T13:39:18","date_gmt":"2024-01-17T12:39:18","guid":{"rendered":"https:\/\/pasaenmendoza.com\/?p=4620"},"modified":"2024-01-17T13:39:20","modified_gmt":"2024-01-17T12:39:20","slug":"la-mendocina-kemelmajer-desacredito-las-reformas-de-milei-al-codigo-civil-en-la-ley-omnibus","status":"publish","type":"post","link":"https:\/\/pasaenmendoza.com\/?p=4620","title":{"rendered":"La mendocina Kemelmajer desacredit\u00f3 las reformas de Milei al C\u00f3digo Civil en la Ley \u00d3mnibus"},"content":{"rendered":"\n<p>La jurista mendocina\u00a0<strong>A\u00edda Kemelmajer\u00a0<\/strong>expuso este martes\u00a0en el debate en comisiones de la C\u00e1mara de Diputados de la Naci\u00f3n relacionado con el tratamiento de<strong>\u00a0Ley \u00d3mnibus<\/strong>\u00a0enviada al Congreso por Javier Milei. Para la ex integrante de la Suprema Corte de nuestra provincia las reformas al C\u00f3digo Civil que prev\u00e9 esa iniciativa deben ser directamente eliminadas para evitar un foco de conflicto.<\/p>\n\n\n\n<p>Kemelmajer habl\u00f3 en representaci\u00f3n del Instituto Argentino de Derechos del Consumidor y de los casi 100 profesores universitarios -entre ellos el reconocido dirigente radical Gil Lavedra- que firmaron semanas atr\u00e1s una carta abierta\u00a0<strong>en rechazo a la Ley de Bases y Principios para la Libertad de los Argentinos,\u00a0<\/strong>m\u00e1s conocida como Ley \u00d3mnibus.<\/p>\n\n\n\n<p>La docente y doctora en Derecho pidi\u00f3 que la propuesta sea girada a la Comisi\u00f3n de Legislaci\u00f3n de la C\u00e1mara Alta y all\u00ed sea debatida en sesiones ordinarias.<\/p>\n\n\n\n<h2 class=\"wp-block-heading\">Qu\u00e9 dijo Kemelmajer sobre las reformas al C\u00f3digo Civil en la Ley \u00d3mnibus<\/h2>\n\n\n\n<p><strong>A\u00edda Kemelmajer&nbsp;<\/strong>comenz\u00f3 su exposici\u00f3n directamente con un reclamo: &#8220;El cap\u00edtulo tres, t\u00edtulo quinto de la Ley de Bases debe ser eliminado. Es el que abarca los art\u00edculos 352 a 403 referido al C\u00f3digo Civil y Comercial. Esto tiene que ser pasado a la Comisi\u00f3n de Legislaci\u00f3n para ser analizado en sesiones ordinarias&#8221;.<\/p>\n\n\n\n<p>Y enseguida argument\u00f3, con fuertes cr\u00edticas a la propuesta del Ejecutivo:<strong>&nbsp;&#8220;Las reformas no tienen relaci\u00f3n con el d\u00e9ficit del Estado, ni con la inflaci\u00f3n, ni con la econom\u00eda desregulada, ni con la libertad y mucho menos con lo que el pueblo vot\u00f3 porque nunca se le dijo en campa\u00f1a que se reformar\u00eda el C\u00f3digo Civil y Comercial&#8221;.<\/strong><\/p>\n\n\n\n<p>La ex ministra del m\u00e1ximo tribunal de Justicia de Mendoza record\u00f3 que en la carta abierta que dieron a conocer los juristas se explic\u00f3 que &#8220;el proyecto contradice la sistem\u00e1tica del C\u00f3digo Civil y Comercial de la Naci\u00f3n e incentiva un nuevo foco de conflicto interpretativo con la consiguiente inseguridad jur\u00eddica que causa la reinterpretaci\u00f3n de operadores que son jur\u00eddicos y no jur\u00eddicos y el perjuicio que causa a destinatarios y destinatarias; es decir a todos las personas que est\u00e1n en el territorio argentino&#8221;.<\/p>\n\n\n\n<p>Tras una serie de consideraciones t\u00e9cnicas Kemelmajer aludi\u00f3 a la supuesta inspiraci\u00f3n en<strong>&nbsp;Juan Bautista Alberdi&nbsp;<\/strong>que ha tenido el presidente Javier Milei a la hora de proponer las reformas.<\/p>\n\n\n\n<p>Dijo A\u00edda: &#8220;El C\u00f3digo Civil y Comercial s\u00ed se puede tocar. Pero cuando hacemos las reformas hay que hacerlas en forma sist\u00e9mica, o sea cuidando el sistema. El debate m\u00e1s grande de la historia del Derecho fue la pol\u00e9mica entre Alberdi y Dalmacio V\u00e9lez Sarsfield y dur\u00f3 150 a\u00f1os&#8221;.<\/p>\n\n\n\n<p><strong>&#8220;Se habla y se habla de Alberdi<\/strong>\u00a0-acentu\u00f3-\u00a0<strong>y Alberdi lo atac\u00f3 a V\u00e9lez dici\u00e9ndole que era un gran erudito pero no contaba la Constituci\u00f3n. Ac\u00e1 se ha dicho que lo que queremos, en materia contractual, es volver a V\u00e9lez, cuando Alberdi le dijo a V\u00e9lez que no sab\u00eda la Constituci\u00f3n&#8221;.<\/strong><\/p>\n\n\n\n<h2 class=\"wp-block-heading\">Cobos destac\u00f3 la exposici\u00f3n de Kemelmajer<\/h2>\n\n\n\n<p>El diputado nacional por Mendoza Julio Cobos se refiri\u00f3 a la presencia de la ex jueza en el debate. &#8220;En Diputados recibimos a la prestigiosa jurista, A\u00edda Kemelmajer, para exponer en el plenario d\u00f3nde se trata la Ley Bases.&nbsp;<strong>Solicit\u00f3 que se saque el cap\u00edtulo referido al C\u00f3digo Civil y Comercial y que pase a la Comisi\u00f3n de Legislaci\u00f3n para ser analizado en sesiones ordinarias&#8221;,&nbsp;<\/strong>explic\u00f3.<\/p>\n\n\n\n<p>Otra dirigente radical, Carla Carrizo, diputada nacional por Buenos Aires se\u00f1al\u00f3: \u00bfCu\u00e1ndo Alberdi se enojaba con V\u00e9lez Sarsfield? Cuando al querer redactar el C\u00f3digo se olvidaba de leer la Constituci\u00f3n. No es cuando reformamos r\u00e1pido el C\u00f3digo Civil que hacemos bien para proteger la dignidad de las personas, dice A\u00edda Kemelmajer en las informativas sobre la Ley \u00d3mnibus en el Congreso.<strong>\u00a0Quiero a esta enorme jurista en la Corte Suprema de Justicia de Argentina&#8221;.<\/strong><\/p>\n\n\n\n<p>FUENTE: Diariouno.com.ar <\/p>\n","protected":false},"excerpt":{"rendered":"<p>La jurista mendocina\u00a0A\u00edda Kemelmajer\u00a0expuso este martes\u00a0en el debate en comisiones de la C\u00e1mara de Diputados de la Naci\u00f3n relacionado con el tratamiento de\u00a0Ley \u00d3mnibus\u00a0enviada al Congreso por Javier Milei. Para la ex integrante de la Suprema Corte de nuestra provincia las reformas al C\u00f3digo Civil que prev\u00e9 esa iniciativa deben ser directamente eliminadas para evitar [&hellip;]<\/p>\n","protected":false},"author":2,"featured_media":4631,"comment_status":"open","ping_status":"open","sticky":true,"template":"","format":"standard","meta":[],"categories":[47],"tags":[],"_links":{"self":[{"href":"https:\/\/pasaenmendoza.com\/index.php?rest_route=\/wp\/v2\/posts\/4620"}],"collection":[{"href":"https:\/\/pasaenmendoza.com\/index.php?rest_route=\/wp\/v2\/posts"}],"about":[{"href":"https:\/\/pasaenmendoza.com\/index.php?rest_route=\/wp\/v2\/types\/post"}],"author":[{"embeddable":true,"href":"https:\/\/pasaenmendoza.com\/index.php?rest_route=\/wp\/v2\/users\/2"}],"replies":[{"embeddable":true,"href":"https:\/\/pasaenmendoza.com\/index.php?rest_route=%2Fwp%2Fv2%2Fcomments&post=4620"}],"version-history":[{"count":1,"href":"https:\/\/pasaenmendoza.com\/index.php?rest_route=\/wp\/v2\/posts\/4620\/revisions"}],"predecessor-version":[{"id":4632,"href":"https:\/\/pasaenmendoza.com\/index.php?rest_route=\/wp\/v2\/posts\/4620\/revisions\/4632"}],"wp:featuredmedia":[{"embeddable":true,"href":"https:\/\/pasaenmendoza.com\/index.php?rest_route=\/wp\/v2\/media\/4631"}],"wp:attachment":[{"href":"https:\/\/pasaenmendoza.com\/index.php?rest_route=%2Fwp%2Fv2%2Fmedia&parent=4620"}],"wp:term":[{"taxonomy":"category","embeddable":true,"href":"https:\/\/pasaenmendoza.com\/index.php?rest_route=%2Fwp%2Fv2%2Fcategories&post=4620"},{"taxonomy":"post_tag","embeddable":true,"href":"https:\/\/pasaenmendoza.com\/index.php?rest_route=%2Fwp%2Fv2%2Ftags&post=4620"}],"curies":[{"name":"wp","href":"https:\/\/api.w.org\/{rel}","templated":true}]}}