{"id":4623,"date":"2024-01-17T13:33:53","date_gmt":"2024-01-17T12:33:53","guid":{"rendered":"https:\/\/pasaenmendoza.com\/?p=4623"},"modified":"2024-01-17T13:33:55","modified_gmt":"2024-01-17T12:33:55","slug":"la-titular-del-ente-de-turismo-confio-en-que-la-actividad-en-mendoza-repuntara-tras-una-mala-quincena","status":"publish","type":"post","link":"https:\/\/pasaenmendoza.com\/?p=4623","title":{"rendered":"La titular del ente de Turismo confi\u00f3 en que la actividad en Mendoza repuntar\u00e1 tras una mala quincena"},"content":{"rendered":"\n<p>La titular del\u00a0<strong>Ente Mendoza Turismo (Emetur)\u00a0<\/strong>revel\u00f3 que la segunda quincena de enero se presenta\u00a0<strong>mejor\u00a0que la primera<\/strong>\u00a0respecto a los visitantes que llegan a la provincia para vacacionar.<\/p>\n\n\n\n<p><strong>Gabriela Testa&nbsp;<\/strong>cont\u00f3 que actualmente el nivel de ocupaci\u00f3n&nbsp;<strong>alcanza el 60%<\/strong>&nbsp;(el a\u00f1o pasado fue del 80%) que supera a los primeros 15 d\u00edas de 2024 en los que&nbsp;<strong>no se lleg\u00f3 al 50%<\/strong>.<\/p>\n\n\n\n<p>La funcionaria dijo adem\u00e1s que las expectativas\u00a0<strong>se renuevan con miras al fin de semana<\/strong>\u00a0que es cuando se incrementa la llegada de turistas.<\/p>\n\n\n\n<h2 class=\"wp-block-heading\">Para Gabriela Testa &#8220;la segunda quincena viene mejor&#8221;<\/h2>\n\n\n\n<p>Luego de la conferencia de prensa en la que fue presentado el&nbsp;<strong>Plan Regional de Turismo<\/strong>&nbsp;junto a autoridades de San Juan y de San Luis, Testa fue entrevistada por Radio Nihuil.<\/p>\n\n\n\n<p><strong>&#8220;La segunda quincena viene mejor. La ocupaci\u00f3n real es del 60%, que es un buen n\u00famero, que seguramente se elevar\u00e1 el fin de semana&#8221;,<\/strong>&nbsp;se\u00f1al\u00f3 la titular del organismo tur\u00edstico provincial.<\/p>\n\n\n\n<p>Gabriela explic\u00f3 que &#8220;la conducta del turista, acentuada ahora por los costos, es que&nbsp;<strong>de lunes a mi\u00e9rcoles se mueve en menor cantidad y la demanda crece los fines de semana<\/strong>&#8220;.<\/p>\n\n\n\n<p>Lo que m\u00e1s eligen en estos tiempos los visitantes que llegan a Mendoza son las&nbsp;<strong>zonas de naturaleza o rurales<\/strong>&nbsp;por sobre las propuestas urbanas.<\/p>\n\n\n\n<p>&#8220;Por eso -sum\u00f3 Testa- es muy valioso el esfuerzo de los empresarios que se adhirieron al<strong>\u00a0Sale Mendoza<\/strong>\u00a0con descuentos del 30%. Hoy la b\u00fasqueda en Google encuentra bien rankeada a la p\u00e1gina mendoza.tur.ar<strong>.\u00a0<\/strong>Dar ese beneficio en estos tiempos en los que a todos se les hace dif\u00edcil poder tomarse el descanso anual es muy valioso&#8221;.<\/p>\n\n\n\n<h2 class=\"wp-block-heading\">Llega a Mendoza el futuro embajador en Chile<\/h2>\n\n\n\n<p>Gabriela Testa se refiri\u00f3 a los problemas recurrentes en el&nbsp;<strong>paso a Chile<\/strong>. E indic\u00f3 al respecto que est\u00e1 previsto que mi\u00e9rcoles y jueves est\u00e9 en Mendoza<strong>&nbsp;Jorge Faurie<\/strong>, canciller durante el gobierno de Mauricio Macri y a punto de ser nombrado&nbsp;<strong>embajador argentino en el pa\u00eds vecino<\/strong>.<\/p>\n\n\n\n<p>&#8220;Por iniciativa de sectores privados como&nbsp;<strong>Aprocam&nbsp;<\/strong>(Asociaci\u00f3n de Propietarios de Carmiones),&nbsp;<strong>AEGHA<\/strong>&nbsp;(Asociaci\u00f3n Empresaria Gastron\u00f3mica, Hotelera y Afines) y c\u00e1maras productoras llegar\u00e1 Faurie con quien mantendremos una serie de reuniones&#8221;, dijo la titular del Emetur.<\/p>\n\n\n\n<p><strong>Queremos que Faurie se familiarice con las complejidades que hay en el corredor andino y que afectan a distintos sectores. De ninguna manera hay que plantear una competencia entre el turismo y la log\u00edstica que se necesita. Se trata de articular acciones entre todos, incluidos los organismos nacionales que tienen potestad sobre el lugar y nuestros funcionarios mendocinos<\/strong><\/p>\n\n\n\n<p>Testa opin\u00f3 que &#8220;<strong>el turista no sabe ni le importa en qu\u00e9 jurisdicci\u00f3n est\u00e1<\/strong>. No sabe ni tiene por qu\u00e9 saberlo cu\u00e1ndo pasa el Arco Desaguadero. Por eso el esfuerzo es articular entre todos&#8221;.<\/p>\n\n\n\n<p><strong>Fuente: www.diariouno.com.ar<\/strong><\/p>\n","protected":false},"excerpt":{"rendered":"<p>La titular del\u00a0Ente Mendoza Turismo (Emetur)\u00a0revel\u00f3 que la segunda quincena de enero se presenta\u00a0mejor\u00a0que la primera\u00a0respecto a los visitantes que llegan a la provincia para vacacionar. Gabriela Testa&nbsp;cont\u00f3 que actualmente el nivel de ocupaci\u00f3n&nbsp;alcanza el 60%&nbsp;(el a\u00f1o pasado fue del 80%) que supera a los primeros 15 d\u00edas de 2024 en los que&nbsp;no se lleg\u00f3 [&hellip;]<\/p>\n","protected":false},"author":2,"featured_media":4625,"comment_status":"open","ping_status":"open","sticky":false,"template":"","format":"standard","meta":[],"categories":[64],"tags":[],"_links":{"self":[{"href":"https:\/\/pasaenmendoza.com\/index.php?rest_route=\/wp\/v2\/posts\/4623"}],"collection":[{"href":"https:\/\/pasaenmendoza.com\/index.php?rest_route=\/wp\/v2\/posts"}],"about":[{"href":"https:\/\/pasaenmendoza.com\/index.php?rest_route=\/wp\/v2\/types\/post"}],"author":[{"embeddable":true,"href":"https:\/\/pasaenmendoza.com\/index.php?rest_route=\/wp\/v2\/users\/2"}],"replies":[{"embeddable":true,"href":"https:\/\/pasaenmendoza.com\/index.php?rest_route=%2Fwp%2Fv2%2Fcomments&post=4623"}],"version-history":[{"count":1,"href":"https:\/\/pasaenmendoza.com\/index.php?rest_route=\/wp\/v2\/posts\/4623\/revisions"}],"predecessor-version":[{"id":4626,"href":"https:\/\/pasaenmendoza.com\/index.php?rest_route=\/wp\/v2\/posts\/4623\/revisions\/4626"}],"wp:featuredmedia":[{"embeddable":true,"href":"https:\/\/pasaenmendoza.com\/index.php?rest_route=\/wp\/v2\/media\/4625"}],"wp:attachment":[{"href":"https:\/\/pasaenmendoza.com\/index.php?rest_route=%2Fwp%2Fv2%2Fmedia&parent=4623"}],"wp:term":[{"taxonomy":"category","embeddable":true,"href":"https:\/\/pasaenmendoza.com\/index.php?rest_route=%2Fwp%2Fv2%2Fcategories&post=4623"},{"taxonomy":"post_tag","embeddable":true,"href":"https:\/\/pasaenmendoza.com\/index.php?rest_route=%2Fwp%2Fv2%2Ftags&post=4623"}],"curies":[{"name":"wp","href":"https:\/\/api.w.org\/{rel}","templated":true}]}}