{"id":4627,"date":"2024-01-17T13:42:04","date_gmt":"2024-01-17T12:42:04","guid":{"rendered":"https:\/\/pasaenmendoza.com\/?p=4627"},"modified":"2024-01-17T13:42:05","modified_gmt":"2024-01-17T12:42:05","slug":"aguas-mendocinas-alerto-que-los-trabajos-en-potrerillos-pueden-afectar-la-distribucion-de-agua","status":"publish","type":"post","link":"https:\/\/pasaenmendoza.com\/?p=4627","title":{"rendered":"Aguas Mendocinas alert\u00f3 que los trabajos en Potrerillos pueden afectar la distribuci\u00f3n de agua"},"content":{"rendered":"\n<p>La\u00a0<strong>Direcci\u00f3n de Hidr\u00e1ulica<\/strong>\u00a0abrir\u00e1 las compuertas del descargador de fondo del\u00a0<strong>dique Potrerillos<\/strong>\u00a0para bajar el nivel de agua del embalse. Aguas Mendocinas inform\u00f3 que esto puede\u00a0<strong>afectar al proceso de potabilizaci\u00f3n<\/strong>\u00a0ocasionando inconvenientes en el servicio de distribuci\u00f3n de agua potable en el Gran Mendoza.<\/p>\n\n\n\n<p>En el mismo comunicado se le solicit\u00f3 a la poblaci\u00f3n hacer<strong>&nbsp;uso solidario y responsable del agua<\/strong>. El objetivo es mantener estables los niveles de reservas y tomar todas las medidas necesarias ante la posible afectaci\u00f3n del servicio.<\/p>\n\n\n\n<p>Las compuertas se abrir\u00e1n con el objetivo de<strong>\u00a0desembalsar la presa que alcanz\u00f3 su cota m\u00e1xima de llenado.<\/strong><\/p>\n\n\n\n<h2 class=\"wp-block-heading\">Recomendaciones durante el corte de servicio<\/h2>\n\n\n\n<ul>\n<li>Mantenga una reserva de 2 litros de agua potable embotellada por persona y gu\u00e1rdela.<\/li>\n\n\n\n<li>Cuide la reserva de agua en el tanque domiciliario.<\/li>\n\n\n\n<li>Haga uso responsable y solidario del agua potable.<\/li>\n\n\n\n<li>Regule la intensidad del caudal de agua en las canillas.<\/li>\n\n\n\n<li>Evite el uso de lavarropas autom\u00e1ticos y el riego de jardines.<\/li>\n\n\n\n<li>Recuerde que el lavado de veredas y veh\u00edculos con manguera o el uso de hidrolavadora est\u00e1 prohibido las 24 horas.<\/li>\n\n\n\n<li>Controle goteras en canillas y p\u00e9rdidas en inodoros.<\/li>\n<\/ul>\n\n\n\n<p><strong>Fuente: www.diariouno.com.ar<\/strong><\/p>\n","protected":false},"excerpt":{"rendered":"<p>La\u00a0Direcci\u00f3n de Hidr\u00e1ulica\u00a0abrir\u00e1 las compuertas del descargador de fondo del\u00a0dique Potrerillos\u00a0para bajar el nivel de agua del embalse. Aguas Mendocinas inform\u00f3 que esto puede\u00a0afectar al proceso de potabilizaci\u00f3n\u00a0ocasionando inconvenientes en el servicio de distribuci\u00f3n de agua potable en el Gran Mendoza. En el mismo comunicado se le solicit\u00f3 a la poblaci\u00f3n hacer&nbsp;uso solidario y responsable [&hellip;]<\/p>\n","protected":false},"author":2,"featured_media":4636,"comment_status":"open","ping_status":"open","sticky":false,"template":"","format":"standard","meta":[],"categories":[50],"tags":[],"_links":{"self":[{"href":"https:\/\/pasaenmendoza.com\/index.php?rest_route=\/wp\/v2\/posts\/4627"}],"collection":[{"href":"https:\/\/pasaenmendoza.com\/index.php?rest_route=\/wp\/v2\/posts"}],"about":[{"href":"https:\/\/pasaenmendoza.com\/index.php?rest_route=\/wp\/v2\/types\/post"}],"author":[{"embeddable":true,"href":"https:\/\/pasaenmendoza.com\/index.php?rest_route=\/wp\/v2\/users\/2"}],"replies":[{"embeddable":true,"href":"https:\/\/pasaenmendoza.com\/index.php?rest_route=%2Fwp%2Fv2%2Fcomments&post=4627"}],"version-history":[{"count":1,"href":"https:\/\/pasaenmendoza.com\/index.php?rest_route=\/wp\/v2\/posts\/4627\/revisions"}],"predecessor-version":[{"id":4637,"href":"https:\/\/pasaenmendoza.com\/index.php?rest_route=\/wp\/v2\/posts\/4627\/revisions\/4637"}],"wp:featuredmedia":[{"embeddable":true,"href":"https:\/\/pasaenmendoza.com\/index.php?rest_route=\/wp\/v2\/media\/4636"}],"wp:attachment":[{"href":"https:\/\/pasaenmendoza.com\/index.php?rest_route=%2Fwp%2Fv2%2Fmedia&parent=4627"}],"wp:term":[{"taxonomy":"category","embeddable":true,"href":"https:\/\/pasaenmendoza.com\/index.php?rest_route=%2Fwp%2Fv2%2Fcategories&post=4627"},{"taxonomy":"post_tag","embeddable":true,"href":"https:\/\/pasaenmendoza.com\/index.php?rest_route=%2Fwp%2Fv2%2Ftags&post=4627"}],"curies":[{"name":"wp","href":"https:\/\/api.w.org\/{rel}","templated":true}]}}