{"id":4635,"date":"2024-01-17T13:43:31","date_gmt":"2024-01-17T12:43:31","guid":{"rendered":"https:\/\/pasaenmendoza.com\/?p=4635"},"modified":"2024-01-17T13:43:32","modified_gmt":"2024-01-17T12:43:32","slug":"vecinos-atraparon-a-tres-adolescentes-que-le-robaron-a-una-chica-en-la-sexta-seccion","status":"publish","type":"post","link":"https:\/\/pasaenmendoza.com\/?p=4635","title":{"rendered":"Vecinos atraparon a tres adolescentes que le robaron a una chica en la Sexta Secci\u00f3n"},"content":{"rendered":"\n<p>Vecinos atraparon la tarde del lunes a tres adolescentes por el&nbsp;<strong>robo&nbsp;<\/strong>a una chica en una plaza de la&nbsp;<strong>Sexta Secci\u00f3n<\/strong>&nbsp;de&nbsp;<strong>Ciudad<\/strong>. Los sospechosos le arrebataron el celular a la v\u00edctima y en la huida fueron reducidos por un grupo de transe\u00fantes.<\/p>\n\n\n\n<p>El hecho ocurri\u00f3 pasadas las 20 cuando la muchacha, de 16 a\u00f1os, se encontraba junto a un amigo en la&nbsp;<strong>plaza Doctor Matons<\/strong>, ubicada entre<strong>&nbsp;calles Jorge Newbery<\/strong>,&nbsp;<strong>Cayetano Silva<\/strong>,&nbsp;<strong>Avelino Maure<\/strong>&nbsp;y&nbsp;<strong>Benelli<\/strong>.<\/p>\n\n\n\n<p>En ese momento,\u00a0<mark>fue sorprendida por tres sujetos que le sustrajeron su\u00a0<strong>Motorola G60 S<\/strong>\u00a0y se dieron a la fuga hacia el norte<\/mark>, de acuerdo con fuentes allegadas al procedimiento.<\/p>\n\n\n\n<p>Al parecer, mientras escapaban, vecinos que advirtieron el il\u00edcito los persiguieron y les dieron alcance en el cruce de<strong>&nbsp;calles Chaco y Santa Mar\u00eda de Oro<\/strong>, a unos 800 metros de la escena.<\/p>\n\n\n\n<p>Personal de&nbsp;<strong>Preventores&nbsp;<\/strong>tom\u00f3 conocimiento de la situaci\u00f3n a trav\u00e9s del programa&nbsp;<strong>Ojos en Alerta<\/strong>, por lo que se desplazaron hasta el lugar y retuvieron a los sospechosos hasta la llegada de los polic\u00edas.<\/p>\n\n\n\n<p>Los efectivos identificaron a uno de los presuntos ladrones como<strong>\u00a0Andr\u00e9s Yago Javier G\u00e9lvez Pi\u00f1a<\/strong>\u00a0(18), mientras que\u00a0<mark>sus dos c\u00f3mplices ten\u00edan 16 y 13 a\u00f1os<\/mark>, por lo que se reservan sus identidades.<\/p>\n\n\n\n<p>Los tres sindicados malvivientes fueron trasladados en una movilidad hasta la\u00a0<strong>Comisar\u00eda Sexta\u00a0<\/strong>y se recuper\u00f3 el celular sustra\u00eddo a la v\u00edctima, cuyos padres radicaron la denuncia correspondiente en la\u00a0<strong>Oficina Fiscal N\u00ba 2<\/strong>.<\/p>\n\n\n\n<p><strong>Fuente: www.elsol.com.ar<\/strong><\/p>\n","protected":false},"excerpt":{"rendered":"<p>Vecinos atraparon la tarde del lunes a tres adolescentes por el&nbsp;robo&nbsp;a una chica en una plaza de la&nbsp;Sexta Secci\u00f3n&nbsp;de&nbsp;Ciudad. Los sospechosos le arrebataron el celular a la v\u00edctima y en la huida fueron reducidos por un grupo de transe\u00fantes. El hecho ocurri\u00f3 pasadas las 20 cuando la muchacha, de 16 a\u00f1os, se encontraba junto a [&hellip;]<\/p>\n","protected":false},"author":2,"featured_media":4638,"comment_status":"open","ping_status":"open","sticky":false,"template":"","format":"standard","meta":[],"categories":[48],"tags":[],"_links":{"self":[{"href":"https:\/\/pasaenmendoza.com\/index.php?rest_route=\/wp\/v2\/posts\/4635"}],"collection":[{"href":"https:\/\/pasaenmendoza.com\/index.php?rest_route=\/wp\/v2\/posts"}],"about":[{"href":"https:\/\/pasaenmendoza.com\/index.php?rest_route=\/wp\/v2\/types\/post"}],"author":[{"embeddable":true,"href":"https:\/\/pasaenmendoza.com\/index.php?rest_route=\/wp\/v2\/users\/2"}],"replies":[{"embeddable":true,"href":"https:\/\/pasaenmendoza.com\/index.php?rest_route=%2Fwp%2Fv2%2Fcomments&post=4635"}],"version-history":[{"count":1,"href":"https:\/\/pasaenmendoza.com\/index.php?rest_route=\/wp\/v2\/posts\/4635\/revisions"}],"predecessor-version":[{"id":4640,"href":"https:\/\/pasaenmendoza.com\/index.php?rest_route=\/wp\/v2\/posts\/4635\/revisions\/4640"}],"wp:featuredmedia":[{"embeddable":true,"href":"https:\/\/pasaenmendoza.com\/index.php?rest_route=\/wp\/v2\/media\/4638"}],"wp:attachment":[{"href":"https:\/\/pasaenmendoza.com\/index.php?rest_route=%2Fwp%2Fv2%2Fmedia&parent=4635"}],"wp:term":[{"taxonomy":"category","embeddable":true,"href":"https:\/\/pasaenmendoza.com\/index.php?rest_route=%2Fwp%2Fv2%2Fcategories&post=4635"},{"taxonomy":"post_tag","embeddable":true,"href":"https:\/\/pasaenmendoza.com\/index.php?rest_route=%2Fwp%2Fv2%2Ftags&post=4635"}],"curies":[{"name":"wp","href":"https:\/\/api.w.org\/{rel}","templated":true}]}}