{"id":4639,"date":"2024-01-17T13:48:13","date_gmt":"2024-01-17T12:48:13","guid":{"rendered":"https:\/\/pasaenmendoza.com\/?p=4639"},"modified":"2024-01-17T13:48:14","modified_gmt":"2024-01-17T12:48:14","slug":"el-gremio-denuncio-mas-de-300-despidos-arbritarios-en-anses-y-hay-preocupacion-en-mendoza","status":"publish","type":"post","link":"https:\/\/pasaenmendoza.com\/?p=4639","title":{"rendered":"El gremio denunci\u00f3 m\u00e1s de 300 &#8220;despidos arbritarios&#8221; en ANSES y hay preocupaci\u00f3n en Mendoza"},"content":{"rendered":"\n<p>El titular del Sindicato de Empleados de la exCaja de Subsidios Familiares para el Personal de la Industria (Secasfpi), Carlos Ortega, denunci\u00f3 este martes que hubo\u00a0<strong>m\u00e1s de 300 &#8220;despidos arbitrarios&#8221;<\/strong>\u00a0en la\u00a0<strong>Administraci\u00f3n Nacional de la Seguridad Social (ANSES).<\/strong><\/p>\n\n\n\n<p>El dirigente denunci\u00f3 en un comunicado &#8220;la desvinculaci\u00f3n producida de forma arbitraria de 320 trabajadores de planta permanente, quienes se presentaron este martes a cumplir sus tareas y fueron impedidos de ingresar al organismo&#8221; p\u00fablico. La noticia gener\u00f3&nbsp;<strong>preocupaci\u00f3n en la sede de ANSES Mendoza, donde renuni\u00f3 su titular, Carlos Gallo, y a\u00fan no tienen a su reemplazante a pesar de que ya pas\u00f3 m\u00e1s de un mes.<\/strong><\/p>\n\n\n\n<p>Estos trabajadores se suman al n\u00famero total de empleados p\u00fablicos despedidos, que seg\u00fan comunic\u00f3 ATE, son\u00a0<strong>m\u00e1s de 7.500 desde que asumi\u00f3 Javier Milei.<\/strong><\/p>\n\n\n\n<p>En\u00a0<strong>Mendoza,<\/strong>\u00a0seg\u00fan fuentes de ANSES,<strong>\u00a0no ha llegado a\u00fan ning\u00fan telegrama<\/strong>,\u00a0<strong>pero esto no significa que no pueda suceder en las pr\u00f3ximas horas.<\/strong>\u00a0Por este motivo, hay gran incertidumbre entre los trabajadores de la sede local.<\/p>\n\n\n\n<h2 class=\"wp-block-heading\">Qu\u00e9 har\u00e1 el sindicato por los empleados despedidos de ANSES<\/h2>\n\n\n\n<p>El sindicato que representa a los empleados de ANSES<strong>&nbsp;dispuso el estado de alerta y movilizaci\u00f3n por los empleados despedidos,&nbsp;<\/strong>y reafirm\u00f3 su &#8220;inquebrantable compromiso con la defensa de los derechos laborales y la estabilidad del empleo&#8221;, por lo que exigi\u00f3 a la ANSES que &#8220;deje sin efecto de manera inmediata la decisi\u00f3n de producir esas cesant\u00edas, porque en el organismo no sobra nadie&#8221;.<\/p>\n\n\n\n<p>&#8220;Los m\u00e1s de&nbsp;<strong>300 despidos fueron de personal de planta permanente<\/strong>&nbsp;que en su momento ingres\u00f3 por concurso. Se ech\u00f3 gente m\u00e1s all\u00e1 del \u00faltimo a\u00f1o anunciado&#8221;, dijo Ortega.<\/p>\n\n\n\n<p>El sindicalista y exdiputado nacional peronista afirm\u00f3 que<strong>&nbsp;los trabajadores ingresaron entre 2020 y 2023<\/strong>, que en su mayor\u00eda eran jefes de oficina en el organismo y que la decisi\u00f3n fue adoptada por el Ministerio de Capital Humano.<\/p>\n\n\n\n<p>Seg\u00fan el gremio<strong>, el Gobierno justific\u00f3 los despedidos en que ese&nbsp;<\/strong>personal fue designado &#8220;sin previo proceso de selecci\u00f3n&#8221; y se ampar\u00f3 en la&nbsp;<strong>Resoluci\u00f3n 76 de marzo de 2016 de la gesti\u00f3n de Emilio Basavilbaso.<\/strong><\/p>\n\n\n\n<p>&#8220;Los trabajadores no ingresaron a la planta permanente sin previo concurso. La resoluci\u00f3n del exfuncionario macrista en la ANSES no puede ser la variable para echar&#8221;, dijo Ortega.<\/p>\n\n\n\n<h2 class=\"wp-block-heading\">Desde que asumi\u00f3 Milei, se registraron 7.500 despidos de estatales<\/h2>\n\n\n\n<p>Adem\u00e1s, la&nbsp;<strong>Asociaci\u00f3n Trabajadores del Estado (ATE),<\/strong>&nbsp;al mando de Rodolfo Aguiar, denunci\u00f3 que&nbsp;<strong>desde la asunci\u00f3n del gobierno de Javier Milei ya se produjeron m\u00e1s de 7.500 despidos<\/strong>&nbsp;en la administraci\u00f3n p\u00fablica, al no renovarse esos contratos.<\/p>\n\n\n\n<p>El sindicato sostuvo que luego&nbsp;<strong>se sumaron 500 despidos en la Secretar\u00eda de Trabajo, el Instituto de Obra Social de las Fuerzas Armadas (Iosfa) y los Ministerio de Justicia y Econom\u00eda y el \u00e1rea de Cultura,<\/strong>&nbsp;por lo que el frente gremial que integran la ATE y ambas CTA se moviliz\u00f3 &#8220;en rechazo del feroz ajuste en el Estado&#8221;.<\/p>\n\n\n\n<p>Los\u00a0<strong>empleados del Instituto Nacional de Estad\u00edstica y Censos (INDEC)<\/strong>\u00a0agrupados en la Uni\u00f3n del Personal Civil de la Naci\u00f3n (UPCN), que lidera Andr\u00e9s Rodr\u00edguez,\u00a0<strong>deliberaba en asamblea ante &#8220;la decisi\u00f3n de las autoridades del organismo de eliminar las horas extras a los empleados de ingresos m\u00e1s bajos&#8221;,<\/strong>\u00a0dijeron los trabajadores.<\/p>\n\n\n\n<p><strong>Fuente: www.diariouno.com.ar<\/strong><\/p>\n","protected":false},"excerpt":{"rendered":"<p>El titular del Sindicato de Empleados de la exCaja de Subsidios Familiares para el Personal de la Industria (Secasfpi), Carlos Ortega, denunci\u00f3 este martes que hubo\u00a0m\u00e1s de 300 &#8220;despidos arbitrarios&#8221;\u00a0en la\u00a0Administraci\u00f3n Nacional de la Seguridad Social (ANSES). El dirigente denunci\u00f3 en un comunicado &#8220;la desvinculaci\u00f3n producida de forma arbitraria de 320 trabajadores de planta permanente, [&hellip;]<\/p>\n","protected":false},"author":2,"featured_media":4641,"comment_status":"open","ping_status":"open","sticky":false,"template":"","format":"standard","meta":[],"categories":[57],"tags":[],"_links":{"self":[{"href":"https:\/\/pasaenmendoza.com\/index.php?rest_route=\/wp\/v2\/posts\/4639"}],"collection":[{"href":"https:\/\/pasaenmendoza.com\/index.php?rest_route=\/wp\/v2\/posts"}],"about":[{"href":"https:\/\/pasaenmendoza.com\/index.php?rest_route=\/wp\/v2\/types\/post"}],"author":[{"embeddable":true,"href":"https:\/\/pasaenmendoza.com\/index.php?rest_route=\/wp\/v2\/users\/2"}],"replies":[{"embeddable":true,"href":"https:\/\/pasaenmendoza.com\/index.php?rest_route=%2Fwp%2Fv2%2Fcomments&post=4639"}],"version-history":[{"count":1,"href":"https:\/\/pasaenmendoza.com\/index.php?rest_route=\/wp\/v2\/posts\/4639\/revisions"}],"predecessor-version":[{"id":4642,"href":"https:\/\/pasaenmendoza.com\/index.php?rest_route=\/wp\/v2\/posts\/4639\/revisions\/4642"}],"wp:featuredmedia":[{"embeddable":true,"href":"https:\/\/pasaenmendoza.com\/index.php?rest_route=\/wp\/v2\/media\/4641"}],"wp:attachment":[{"href":"https:\/\/pasaenmendoza.com\/index.php?rest_route=%2Fwp%2Fv2%2Fmedia&parent=4639"}],"wp:term":[{"taxonomy":"category","embeddable":true,"href":"https:\/\/pasaenmendoza.com\/index.php?rest_route=%2Fwp%2Fv2%2Fcategories&post=4639"},{"taxonomy":"post_tag","embeddable":true,"href":"https:\/\/pasaenmendoza.com\/index.php?rest_route=%2Fwp%2Fv2%2Ftags&post=4639"}],"curies":[{"name":"wp","href":"https:\/\/api.w.org\/{rel}","templated":true}]}}