{"id":4643,"date":"2024-01-17T13:53:17","date_gmt":"2024-01-17T12:53:17","guid":{"rendered":"https:\/\/pasaenmendoza.com\/?p=4643"},"modified":"2024-01-17T13:53:19","modified_gmt":"2024-01-17T12:53:19","slug":"mendoza-es-la-tercera-provincia-elegida-por-los-extranjeros-para-vivir-de-que-paises-llegan","status":"publish","type":"post","link":"https:\/\/pasaenmendoza.com\/?p=4643","title":{"rendered":"Mendoza es la tercera provincia elegida por los extranjeros para vivir: de qu\u00e9 pa\u00edses llegan"},"content":{"rendered":"\n<p><strong>Mendoza&nbsp;<\/strong>ocupa el&nbsp;<mark>tercer puesto a nivel nacional entre las provincias m\u00e1s elegidas por los extranjeros para vivir<\/mark>. Los datos corresponden al \u00faltimo informe del&nbsp;<strong>Censo Nacional de Poblaci\u00f3n, Hogares y Viviendas<\/strong>&nbsp;2022 difundido el lunes por el INDEC.&nbsp;<\/p>\n\n\n\n<p>Se trat\u00f3 de\u00a0<mark>66.590 personas<\/mark>, provenientes de pa\u00edses lim\u00edtrofes como\u00a0<strong>Bolivia<\/strong>,\u00a0<strong>Brasil<\/strong>,\u00a0<strong>Chile<\/strong>,\u00a0<strong>Paraguay<\/strong>\u00a0y\u00a0<strong>Uruguay<\/strong>, en un 77,4%. Luego, en un lote menor de 22,6%, aparecen migrantes de\u00a0<strong>Colombia<\/strong>,\u00a0<strong>Ecuador<\/strong>,\u00a0<strong>Per\u00fa<\/strong>,\u00a0<strong>Venezuela<\/strong>\u00a0y resto de Am\u00e9rica.<\/p>\n\n\n\n<p>La movilidad baj\u00f3 un 7% de acuerdo con el relevamiento poblacional que se realiz\u00f3 en 2010.<\/p>\n\n\n\n<p>Del estudio se desprende tambi\u00e9n que&nbsp;<mark><strong>Guaymall\u00e9n<\/strong>&nbsp;(13.863) fue el departamento m\u00e1s elegido por los inmigrantes para vivir<\/mark>. Detr\u00e1s le siguieron&nbsp;<strong>Maip\u00fa<\/strong>&nbsp;(8.503),&nbsp;<strong>Luj\u00e1n de Cuyo&nbsp;<\/strong>(7.064),&nbsp;<strong>Las Heras<\/strong>&nbsp;(6.880),&nbsp;<strong>Ciudad de Mendoza<\/strong>&nbsp;(6.588) y&nbsp;<strong>Godoy Cruz<\/strong>&nbsp;(5.259).<\/p>\n\n\n\n<figure class=\"wp-block-image\"><img decoding=\"async\" src=\"https:\/\/i0.wp.com\/newspack-elsol.s3.amazonaws.com\/wp-content\/uploads\/2024\/01\/censo-1.png?resize=780%2C448&amp;ssl=1\" alt=\"\" class=\"wp-image-1913397\"\/><figcaption class=\"wp-element-caption\">Censo 2022. Fuente: INDEC<\/figcaption><\/figure>\n\n\n\n<p>En tanto, La Paz (122), Santa Rosa (148) y Malarg\u00fce (356) se ubicaron debajo del r\u00e1nking con menos de 400 habitantes de otros pa\u00edses.<\/p>\n\n\n\n<p>En cuanto al g\u00e9nero,\u00a0<mark>el 54,1% correspondi\u00f3 a mujeres y 45,9% a varones<\/mark>.<\/p>\n\n\n\n<h2 class=\"wp-block-heading\" id=\"h-los-inmigrantes-en-argentina\">Los inmigrantes en Argentina<\/h2>\n\n\n\n<p>De acuerdo con el documento, del total de la poblaci\u00f3n censada en octubre de 2022, el 4,2% naci\u00f3 en otro pa\u00eds. De estas personas,&nbsp;<mark>el 27% proven\u00edan de Paraguay; el 17,5 de Bolivia y el 8,4 de Venezuela.<\/mark><\/p>\n\n\n\n<p>Se consign\u00f3 que el 51,4% del total de migrantes reside en la provincia de Buenos Aires y el 21,7% en la Ciudad. Por detr\u00e1s y \u201c<em>muy lejos a esta proporci\u00f3n\u201d<\/em>\u00a0figuran\u00a0<mark>Mendoza (3,4)<\/mark>, C\u00f3rdoba (3,4), Santa Fe (2,5), R\u00edo Negro (2,1) y Misiones y Neuqu\u00e9n (2).<\/p>\n\n\n\n<p><strong>Fuente: www.elsol.com.ar<\/strong><\/p>\n","protected":false},"excerpt":{"rendered":"<p>Mendoza&nbsp;ocupa el&nbsp;tercer puesto a nivel nacional entre las provincias m\u00e1s elegidas por los extranjeros para vivir. Los datos corresponden al \u00faltimo informe del&nbsp;Censo Nacional de Poblaci\u00f3n, Hogares y Viviendas&nbsp;2022 difundido el lunes por el INDEC.&nbsp; Se trat\u00f3 de\u00a066.590 personas, provenientes de pa\u00edses lim\u00edtrofes como\u00a0Bolivia,\u00a0Brasil,\u00a0Chile,\u00a0Paraguay\u00a0y\u00a0Uruguay, en un 77,4%. Luego, en un lote menor de 22,6%, aparecen [&hellip;]<\/p>\n","protected":false},"author":2,"featured_media":4644,"comment_status":"open","ping_status":"open","sticky":false,"template":"","format":"standard","meta":[],"categories":[50],"tags":[],"_links":{"self":[{"href":"https:\/\/pasaenmendoza.com\/index.php?rest_route=\/wp\/v2\/posts\/4643"}],"collection":[{"href":"https:\/\/pasaenmendoza.com\/index.php?rest_route=\/wp\/v2\/posts"}],"about":[{"href":"https:\/\/pasaenmendoza.com\/index.php?rest_route=\/wp\/v2\/types\/post"}],"author":[{"embeddable":true,"href":"https:\/\/pasaenmendoza.com\/index.php?rest_route=\/wp\/v2\/users\/2"}],"replies":[{"embeddable":true,"href":"https:\/\/pasaenmendoza.com\/index.php?rest_route=%2Fwp%2Fv2%2Fcomments&post=4643"}],"version-history":[{"count":1,"href":"https:\/\/pasaenmendoza.com\/index.php?rest_route=\/wp\/v2\/posts\/4643\/revisions"}],"predecessor-version":[{"id":4645,"href":"https:\/\/pasaenmendoza.com\/index.php?rest_route=\/wp\/v2\/posts\/4643\/revisions\/4645"}],"wp:featuredmedia":[{"embeddable":true,"href":"https:\/\/pasaenmendoza.com\/index.php?rest_route=\/wp\/v2\/media\/4644"}],"wp:attachment":[{"href":"https:\/\/pasaenmendoza.com\/index.php?rest_route=%2Fwp%2Fv2%2Fmedia&parent=4643"}],"wp:term":[{"taxonomy":"category","embeddable":true,"href":"https:\/\/pasaenmendoza.com\/index.php?rest_route=%2Fwp%2Fv2%2Fcategories&post=4643"},{"taxonomy":"post_tag","embeddable":true,"href":"https:\/\/pasaenmendoza.com\/index.php?rest_route=%2Fwp%2Fv2%2Ftags&post=4643"}],"curies":[{"name":"wp","href":"https:\/\/api.w.org\/{rel}","templated":true}]}}