{"id":4646,"date":"2024-01-18T12:42:02","date_gmt":"2024-01-18T11:42:02","guid":{"rendered":"https:\/\/pasaenmendoza.com\/?p=4646"},"modified":"2024-01-18T12:42:04","modified_gmt":"2024-01-18T11:42:04","slug":"tras-los-eventos-climaticos-extremos-se-decretara-la-emergencia-agropecuaria","status":"publish","type":"post","link":"https:\/\/pasaenmendoza.com\/?p=4646","title":{"rendered":"Tras los eventos clim\u00e1ticos extremos, se decretar\u00e1 la emergencia agropecuaria"},"content":{"rendered":"\n<p>El escrito a\u00fan no fue publicado, se espera que el Ministerio de Producci\u00f3n lo de a conocer en las pr\u00f3ximas horas. La medida alcanzar\u00e1 a localidades de los cuatro oasis productivos.<\/p>\n\n\n\n<p>Localidades de los cuatro distritos ser\u00e1n alcanzadas por una medida de ayuda a los&nbsp;<strong>productores&nbsp;<\/strong>que dar\u00e1 a conocer el Ministerio de Producci\u00f3n en las pr\u00f3ximas horas a trav\u00e9s de la publicaci\u00f3n de un&nbsp;<strong>decreto<\/strong>. Se trata de la declaraci\u00f3n de&nbsp;<strong>Estado de Emergencia o Desastre Agropecuario.<\/strong><\/p>\n\n\n\n<p>Luego de la \u00faltima<strong>\u00a0tormenta de granizo<\/strong>, legisladores de San Rafael insistieron para que el Ejecutivo pusiera en marcha pol\u00edticas de alivio para los\u00a0<strong>productores\u00a0<\/strong>locales. Pero, el sur no ha sido el \u00fanico afectado por los recientes eventos clim\u00e1ticos extremos que ha vivido la provincia y se tom\u00f3 la decisi\u00f3n de avanzar con una medida m\u00e1s abarcativa, la cual contemplar\u00e1 los da\u00f1os causados entre el 1 de diciembre del 2023 y el 31 de marzo del 2025.<\/p>\n\n\n\n<p>&#8220;El Gobierno de Mendoza, a trav\u00e9s del Ministerio de&nbsp;<strong>Producci\u00f3n<\/strong>, declar\u00f3 el Estado de<strong>&nbsp;Emergencia o Desastre Agropecuario<\/strong>&nbsp;a ra\u00edz de las heladas tard\u00edas, viento zonda y granizo registrados durante el periodo agr\u00edcola 2023\/24.&nbsp;El Decreto que respalda la medida declara el mencionado estado a los predios rurales que hayan sufrido p\u00e9rdidas de significaci\u00f3n en sus cultivos, sobre la base de las denuncias formuladas por los&nbsp;<strong>productores&nbsp;<\/strong>y las verificaciones t\u00e9cnicas realizadas por la Direcci\u00f3n de Contingencias Clim\u00e1ticas (DACC)&#8221;, detalla el comunicado oficial.&nbsp;<\/p>\n\n\n\n<p>La declaraci\u00f3n de estado de emergencia permite establecer una serie de beneficios para los\u00a0<strong>productores\u00a0<\/strong>afectados seg\u00fan el nivel de da\u00f1o que sufri\u00f3 su producci\u00f3n. La ley 9.083 lo establece de la siguiente manera: &#8220;Se\u00a0declara en Estado de\u00a0<strong>Emergencia Agropecuaria\u00a0<\/strong>a las propiedades ubicadas en distritos que haya un da\u00f1o del 50% y hasta el 79%, y el Estado de Desastre Agropecuario a las propiedades ubicadas en distritos que hayan sufrido un da\u00f1o del 80%&#8221;.<\/p>\n\n\n\n<h2 class=\"wp-block-heading\">Los distritos alcanzados por la medida&nbsp;<\/h2>\n\n\n\n<ul>\n<li>Regi\u00f3n Centro<\/li>\n<\/ul>\n\n\n\n<p>San Carlos: &nbsp;Chilecito, Eugenio Bustos, La Consulta, Pareditas y Villa San Carlos.<br>Tunuy\u00e1n: &nbsp;Campo Los Andes, Colonia Las Rosas, El Algarrobo, El Totoral, La Primavera, Las Pintadas, Los \u00c1rboles, Los Chacayes, Los Sauces, Tunuy\u00e1n, Villa Seca y Vista Flores.<br>Tupungato: Cord\u00f3n del Plata, El Peral, El Zampal, El Zampalito, Gualtallary, La Arboleda, La Carrera, San Jos\u00e9, Tupungato y Villa Bastias<\/p>\n\n\n\n<ul>\n<li>Regi\u00f3n Este<\/li>\n<\/ul>\n\n\n\n<p>Jun\u00edn: Algarrobo Grande, Alto Verde, Jun\u00edn, La Colonia, Los Barriales, Medrano, Mundo Nuevo, Phillips y Rodr\u00edguez Pe\u00f1a.<br>Rivadavia: Andrade, El Mirador, La Central, La Libertad, Los \u00c1rboles, Los Campamentos, Medrano, Mundo Nuevo, Reducci\u00f3n, Rivadavia y Santa Mar\u00eda de Oro.<br>San Mart\u00edn: Alto Salvador, Alto Verde, Buen Orden, Chapanay, Chivilcoy, El Divisadero, El Espino, El Rambl\u00f3n, Las Chimbas, Montecaseros, Nueva California, Palmira, San Mart\u00edn y Tres Porte\u00f1as.<br>Santa Rosa: 12 de Octubre, La Dormida, Las Catitas y Santa Rosa.<\/p>\n\n\n\n<ul>\n<li>Regi\u00f3n Norte<\/li>\n<\/ul>\n\n\n\n<p>Guaymall\u00e9n: Buena Nueva y Km 11.<br>Las Heras: Capdevilla, El Algarrobal y Las Heras.<br>Lavalle: Costa de Araujo, El Carmen, El Chilcal, El Plumero, El Vergel, Ing. Gustavo Andr\u00e9, Jocol\u00ed, &nbsp;Jocol\u00ed Viejo, La Palmera, La Pega, Las Violetas, Paramillo, San Francisco, Tres de Mayo y Tulumaya.<br>Luj\u00e1n de Cuyo: Agrelo, Carrizal, Perdriel, Ugarteche y Vistalba.<br>Maip\u00fa: &nbsp;Barrancas, Coquimbito, Cruz de Piedra, Fray Luis Beltr\u00e1n, Lunlunta y San Roque.<\/p>\n\n\n\n<ul>\n<li>Regi\u00f3n Sur<\/li>\n<\/ul>\n\n\n\n<p>General Alvear: Alvear Oeste, Bowen, Gral. Alvear y San Pedro de Atuel.<br>San Rafael: Ca\u00f1ada Seca, Cuadro Benegas, Cuadro Nacional, El Cerrito, Goudge, Jaime Prats, La Llave, Las Paredes, Monte Com\u00e1n, Rama Ca\u00edda, Real del Padre, San Rafael y Villa Atuel.<br>Distritos que abarca la declaraci\u00f3n de Estado de Desastre Agropecuario<\/p>\n\n\n\n<p>FUENTE: Mdzonline<\/p>\n","protected":false},"excerpt":{"rendered":"<p>El escrito a\u00fan no fue publicado, se espera que el Ministerio de Producci\u00f3n lo de a conocer en las pr\u00f3ximas horas. La medida alcanzar\u00e1 a localidades de los cuatro oasis productivos. Localidades de los cuatro distritos ser\u00e1n alcanzadas por una medida de ayuda a los&nbsp;productores&nbsp;que dar\u00e1 a conocer el Ministerio de Producci\u00f3n en las pr\u00f3ximas [&hellip;]<\/p>\n","protected":false},"author":2,"featured_media":4647,"comment_status":"open","ping_status":"open","sticky":true,"template":"","format":"standard","meta":[],"categories":[47],"tags":[],"_links":{"self":[{"href":"https:\/\/pasaenmendoza.com\/index.php?rest_route=\/wp\/v2\/posts\/4646"}],"collection":[{"href":"https:\/\/pasaenmendoza.com\/index.php?rest_route=\/wp\/v2\/posts"}],"about":[{"href":"https:\/\/pasaenmendoza.com\/index.php?rest_route=\/wp\/v2\/types\/post"}],"author":[{"embeddable":true,"href":"https:\/\/pasaenmendoza.com\/index.php?rest_route=\/wp\/v2\/users\/2"}],"replies":[{"embeddable":true,"href":"https:\/\/pasaenmendoza.com\/index.php?rest_route=%2Fwp%2Fv2%2Fcomments&post=4646"}],"version-history":[{"count":1,"href":"https:\/\/pasaenmendoza.com\/index.php?rest_route=\/wp\/v2\/posts\/4646\/revisions"}],"predecessor-version":[{"id":4648,"href":"https:\/\/pasaenmendoza.com\/index.php?rest_route=\/wp\/v2\/posts\/4646\/revisions\/4648"}],"wp:featuredmedia":[{"embeddable":true,"href":"https:\/\/pasaenmendoza.com\/index.php?rest_route=\/wp\/v2\/media\/4647"}],"wp:attachment":[{"href":"https:\/\/pasaenmendoza.com\/index.php?rest_route=%2Fwp%2Fv2%2Fmedia&parent=4646"}],"wp:term":[{"taxonomy":"category","embeddable":true,"href":"https:\/\/pasaenmendoza.com\/index.php?rest_route=%2Fwp%2Fv2%2Fcategories&post=4646"},{"taxonomy":"post_tag","embeddable":true,"href":"https:\/\/pasaenmendoza.com\/index.php?rest_route=%2Fwp%2Fv2%2Ftags&post=4646"}],"curies":[{"name":"wp","href":"https:\/\/api.w.org\/{rel}","templated":true}]}}