{"id":4649,"date":"2024-01-18T12:48:25","date_gmt":"2024-01-18T11:48:25","guid":{"rendered":"https:\/\/pasaenmendoza.com\/?p=4649"},"modified":"2024-01-18T12:48:27","modified_gmt":"2024-01-18T11:48:27","slug":"los-40-dias-de-cornejo-en-el-desierto-politico-de-milei","status":"publish","type":"post","link":"https:\/\/pasaenmendoza.com\/?p=4649","title":{"rendered":"Los 40 d\u00edas de Cornejo en el desierto pol\u00edtico de Milei"},"content":{"rendered":"\n<p>Hoy se cumplen 40 d\u00edas del segundo mandato como gobernador de\u00a0<strong>Alfredo Cornejo<\/strong>. A lo largo de este periodo el mismo mandatario ha dicho en distintas oportunidades que la agenda nacional que impone el presidente\u00a0<strong>Javier Milei<\/strong>\u00a0eclipsa cualquier foco de atenci\u00f3n de orden provincial.<\/p>\n\n\n\n<p>Por eso el gobernador se ha mostrado paciente y dando pasos pausados atento a los movimientos en Casa Rosada y estableciendo algunos tiempos de espera ante el embate &#8220;desertificador&#8221; del presidente que logr\u00f3 imponer su libreto, a modo de meme auditivo:&nbsp;<strong>&#8220;No hay plata&#8221;<\/strong>.<\/p>\n\n\n\n<p>Pero no es m\u00e1s que un reflejo de la &#8220;libertad&#8221; pol\u00edtica que impone el jefe de Estado nacional que hace que sea su &#8220;realidad&#8221; la que avanza. El contenido ideol\u00f3gico del mensaje liberal de Milei en el Foro de Davos dej\u00f3 trascender su idea de gobernar, por eso aval\u00f3 basado en su dogma la iniciativa del gobernador riojano\u00a0Ricardo Quintela de crear su moneda provincial\u00a0con la correspondiente advertencia que no ser\u00e1 la naci\u00f3n quien respalde y rescate esos bonos que ser\u00e1n utilizados como papel moneda en la provincia andina.<\/p>\n\n\n\n<p>En ese escenario se encuentra Cornejo en las casi seis semanas que lleva en el Palacio de Gobierno de Mendoza. &#8220;El Alfredo quiere ayudar al gobierno nacional, pero no se puede ayudar a quien no acepta esa ayuda&#8221;, defini\u00f3 un colaborador directo del gobernador ayer, planteando este panorama de rechazo al di\u00e1logo pol\u00edtico.<\/p>\n\n\n\n<p>Por eso se explica que a\u00a0 Cornejo ya se lo vea m\u00e1s tiempo en Mendoza sin realizar esas incursiones a CABA que lo ubicaban como uno de los referentes de los gobernadores de JxC, aquellos que pretend\u00edan conformar la liga de diez mandatarios provinciales que se esboz\u00f3 desde la campa\u00f1a cuando la candidata presidencial era Patricia Bullrich, hoy fiel ministra de Seguridad de Milei.<\/p>\n\n\n\n<p>Hay quienes ven este abroquelamiento territorial como una aceptaci\u00f3n al mensaje de la poblaci\u00f3n que descree de las instituciones porque no encuentra ninguna expectativa.Es la misma poblaci\u00f3n que&nbsp; &nbsp;fortalece a Milei como un&nbsp;<em>outsider<\/em>&nbsp;en la c\u00faspide nacional, apostando a una mejora de la econom\u00eda con su estilo intransigente y desencajado.&nbsp;<\/p>\n\n\n\n<p>Casta, la pol\u00edtica<\/p>\n\n\n\n<p>Es ese modo libertario, traducido en el discurso con&nbsp; tono &#8220;grietoso&#8221; de \u00e9l frente a &#8220;la pol\u00edtica&#8221;, es decir todo &#8220;eso&#8221; que est\u00e1 en el Congreso donde se&nbsp; tienen que tratar el DNU y la ley \u00f3mnibus.&nbsp;<\/p>\n\n\n\n<p>En esos \u00e1mbitos se va generando una resistencia de modo &#8220;natural&#8221; por la inflexible posici\u00f3n de LLA. &#8220;Es que la cerraz\u00f3n de los libertarios te van poniendo enfrente de ellos aunque uno no quiera&#8221;, reflexionan desde las bancadas radicales.<\/p>\n\n\n\n<p>Mientras Cornejo indica en los c\u00edrculos reservados que el presidente nunca incluy\u00f3 en ese proyecto de &#8220;ley de Bases&#8221; a la devoluci\u00f3n del Impuesto a las Ganancias, algo que el mismo presidente se comprometi\u00f3 en la \u00fanica reuni\u00f3n que mantuvo con los mandatarios de los 24 distritos del pa\u00eds. &#8220;Al final (la quita del IG) se hizo para beneficiar a unos 40 mil contribuyentes en Mendoza (algo que no resulta tan significativo) y nos quedamos sin recibir unos 52 mil millones de pesos anuales de coparticipaci\u00f3n&#8221;, se quejaron fuentes oficiales desde el Ministerio de Hacienda.<\/p>\n\n\n\n<p>Por eso la par\u00e1frasis b\u00edblica del t\u00edtulo de este art\u00edculo de an\u00e1lisis y contexto. Con el mismo estilo de Milei cuando habla con tono m\u00edstico, Cornejo ha recorrido estos primeros 40 d\u00edas en el desierto pol\u00edtico que ha instalado el presidente donde las negociaciones no habitan y los acuerdos no germinan.\u00a0<\/p>\n\n\n\n<p>Como \u00faltimo dato lo aportan las mediciones de las audiencias en las redes sociales, un mar donde Milei navega c\u00f3modo todav\u00eda. Pero mandan una advertencia al futuro pr\u00f3ximo: desde el inicio del debate legislativo por el DNU y la ley de Bases, quienes utilizan los motores de b\u00fasqueda ya no se concentran en todas las acciones presidenciales.&nbsp;<\/p>\n\n\n\n<p>Es como una confirmaci\u00f3n que ya han empoderado al presidente\u00a0<em>jumper<\/em>\u00a0para que se teletransporte a su antojo por fuera de las estructuras partidistas y hasta institucionales para que cambie la ecuaci\u00f3n econ\u00f3mica y frene la inflaci\u00f3n.\u00a0<\/p>\n\n\n\n<p>Cornejo sabe que por ahora es un gobernador &#8220;mortal&#8221; sin superpoderes, lo que lo obliga a cuidar la casa y cruzar los dedos para que la macroeconom\u00eda reaccione para que Mendoza pueda iniciar un despegue econ\u00f3mico.<\/p>\n\n\n\n<p>FUENTE: Mendozapost<\/p>\n","protected":false},"excerpt":{"rendered":"<p>Hoy se cumplen 40 d\u00edas del segundo mandato como gobernador de\u00a0Alfredo Cornejo. A lo largo de este periodo el mismo mandatario ha dicho en distintas oportunidades que la agenda nacional que impone el presidente\u00a0Javier Milei\u00a0eclipsa cualquier foco de atenci\u00f3n de orden provincial. Por eso el gobernador se ha mostrado paciente y dando pasos pausados atento [&hellip;]<\/p>\n","protected":false},"author":2,"featured_media":4650,"comment_status":"open","ping_status":"open","sticky":true,"template":"","format":"standard","meta":[],"categories":[47],"tags":[],"_links":{"self":[{"href":"https:\/\/pasaenmendoza.com\/index.php?rest_route=\/wp\/v2\/posts\/4649"}],"collection":[{"href":"https:\/\/pasaenmendoza.com\/index.php?rest_route=\/wp\/v2\/posts"}],"about":[{"href":"https:\/\/pasaenmendoza.com\/index.php?rest_route=\/wp\/v2\/types\/post"}],"author":[{"embeddable":true,"href":"https:\/\/pasaenmendoza.com\/index.php?rest_route=\/wp\/v2\/users\/2"}],"replies":[{"embeddable":true,"href":"https:\/\/pasaenmendoza.com\/index.php?rest_route=%2Fwp%2Fv2%2Fcomments&post=4649"}],"version-history":[{"count":1,"href":"https:\/\/pasaenmendoza.com\/index.php?rest_route=\/wp\/v2\/posts\/4649\/revisions"}],"predecessor-version":[{"id":4651,"href":"https:\/\/pasaenmendoza.com\/index.php?rest_route=\/wp\/v2\/posts\/4649\/revisions\/4651"}],"wp:featuredmedia":[{"embeddable":true,"href":"https:\/\/pasaenmendoza.com\/index.php?rest_route=\/wp\/v2\/media\/4650"}],"wp:attachment":[{"href":"https:\/\/pasaenmendoza.com\/index.php?rest_route=%2Fwp%2Fv2%2Fmedia&parent=4649"}],"wp:term":[{"taxonomy":"category","embeddable":true,"href":"https:\/\/pasaenmendoza.com\/index.php?rest_route=%2Fwp%2Fv2%2Fcategories&post=4649"},{"taxonomy":"post_tag","embeddable":true,"href":"https:\/\/pasaenmendoza.com\/index.php?rest_route=%2Fwp%2Fv2%2Ftags&post=4649"}],"curies":[{"name":"wp","href":"https:\/\/api.w.org\/{rel}","templated":true}]}}