{"id":4655,"date":"2024-01-18T13:02:50","date_gmt":"2024-01-18T12:02:50","guid":{"rendered":"https:\/\/pasaenmendoza.com\/?p=4655"},"modified":"2024-01-18T13:02:52","modified_gmt":"2024-01-18T12:02:52","slug":"el-ex-jefe-de-la-policia-fue-designado-como-funcionario-en-la-municipalidad-de-godoy-cruz","status":"publish","type":"post","link":"https:\/\/pasaenmendoza.com\/?p=4655","title":{"rendered":"El ex jefe de la Polic\u00eda fue designado como funcionario en la Municipalidad de Godoy Cruz"},"content":{"rendered":"\n<p>Roberto Munives, quien tuvo que renunciar a su cargo por haber roto los protocolos de Covid-19 en el parque Aconcagua, es el nuevo director de Tr\u00e1nsito y Convivencia Ciudadana del gobierno de Diego Costarelli<\/p>\n\n\n\n<p>El intendente de Godoy Cruz, Diego Costarelli, nombr\u00f3 en su gabinete al ex jefe de la Polic\u00eda de Mendoza,\u00a0<strong>Roberto Munives<\/strong>, quien\u00a0<strong>tuvo que renunciar a su cargo en 2022 en medio de un esc\u00e1ndalo por el ascenso de su pareja al cerro Aconcagua<\/strong><\/p>\n\n\n\n<p>Al comisario retirado se lo acus\u00f3 de falsear documentaci\u00f3n de su pareja quien no contaba con las dosis exigidas contra el coronavirus para poder ingresar al parque provincial.<\/p>\n\n\n\n<p><strong>La designaci\u00f3n fue confirmada por el propio jefe comunal<\/strong>&nbsp;a Diario UNO, quien detall\u00f3 que qued\u00f3 a cargo de la Direcci\u00f3n de Tr\u00e1nsito y Convivencia Ciudadana, luego de tres a\u00f1os de estar fuera de la funci\u00f3n p\u00fablica.<\/p>\n\n\n\n<p><strong>Munives fue el director de Polic\u00edas durante la primera gesti\u00f3n de Alfredo Cornejo y luego continu\u00f3 con Rodolfo Suarez,\u00a0<\/strong>hasta que sali\u00f3 a la luz un incumplimiento en los protocolos sanitarios exigidos para entrar al Aconcagua<\/p>\n\n\n\n<p>Su pareja M\u00f3nica Delsouc y otros miembros de la Patrulla de Rescate hicieron cumbre pero ella no contaba con las dosis exigidas contra el Covid-19 ya que argument\u00f3 que hab\u00eda estado con un tratamiento oncol\u00f3gico.<\/p>\n\n\n\n<p>Al conocerse que no cumpli\u00f3 con las pautas exigidas, Munives se vio envuelto en una serie de cr\u00edticas, lo que lo oblig\u00f3 a presentar su dimisi\u00f3n el 15 de enero del 2022. En su lugar asumi\u00f3 Marcelo Calipo, quien era su mano derecha en el Ministerio de Seguridad.<\/p>\n\n\n\n<p>El nombramiento de Munives en Godoy Cruz sorprendi\u00f3 a algunos en la esfera pol\u00edtica y no hubo demasiados detalles acerca de su designaci\u00f3n, m\u00e1s all\u00e1 de su trayectoria por el antecedente que marc\u00f3 su salida del Gobierno de Suarez.<\/p>\n\n\n\n<p>FUENTE: Diariouno.com.ar <\/p>\n","protected":false},"excerpt":{"rendered":"<p>Roberto Munives, quien tuvo que renunciar a su cargo por haber roto los protocolos de Covid-19 en el parque Aconcagua, es el nuevo director de Tr\u00e1nsito y Convivencia Ciudadana del gobierno de Diego Costarelli El intendente de Godoy Cruz, Diego Costarelli, nombr\u00f3 en su gabinete al ex jefe de la Polic\u00eda de Mendoza,\u00a0Roberto Munives, quien\u00a0tuvo [&hellip;]<\/p>\n","protected":false},"author":2,"featured_media":4656,"comment_status":"open","ping_status":"open","sticky":true,"template":"","format":"standard","meta":[],"categories":[47],"tags":[],"_links":{"self":[{"href":"https:\/\/pasaenmendoza.com\/index.php?rest_route=\/wp\/v2\/posts\/4655"}],"collection":[{"href":"https:\/\/pasaenmendoza.com\/index.php?rest_route=\/wp\/v2\/posts"}],"about":[{"href":"https:\/\/pasaenmendoza.com\/index.php?rest_route=\/wp\/v2\/types\/post"}],"author":[{"embeddable":true,"href":"https:\/\/pasaenmendoza.com\/index.php?rest_route=\/wp\/v2\/users\/2"}],"replies":[{"embeddable":true,"href":"https:\/\/pasaenmendoza.com\/index.php?rest_route=%2Fwp%2Fv2%2Fcomments&post=4655"}],"version-history":[{"count":1,"href":"https:\/\/pasaenmendoza.com\/index.php?rest_route=\/wp\/v2\/posts\/4655\/revisions"}],"predecessor-version":[{"id":4657,"href":"https:\/\/pasaenmendoza.com\/index.php?rest_route=\/wp\/v2\/posts\/4655\/revisions\/4657"}],"wp:featuredmedia":[{"embeddable":true,"href":"https:\/\/pasaenmendoza.com\/index.php?rest_route=\/wp\/v2\/media\/4656"}],"wp:attachment":[{"href":"https:\/\/pasaenmendoza.com\/index.php?rest_route=%2Fwp%2Fv2%2Fmedia&parent=4655"}],"wp:term":[{"taxonomy":"category","embeddable":true,"href":"https:\/\/pasaenmendoza.com\/index.php?rest_route=%2Fwp%2Fv2%2Fcategories&post=4655"},{"taxonomy":"post_tag","embeddable":true,"href":"https:\/\/pasaenmendoza.com\/index.php?rest_route=%2Fwp%2Fv2%2Ftags&post=4655"}],"curies":[{"name":"wp","href":"https:\/\/api.w.org\/{rel}","templated":true}]}}