{"id":4658,"date":"2024-01-18T13:34:46","date_gmt":"2024-01-18T12:34:46","guid":{"rendered":"https:\/\/pasaenmendoza.com\/?p=4658"},"modified":"2024-01-18T13:34:48","modified_gmt":"2024-01-18T12:34:48","slug":"la-dge-transfirio-un-fondo-para-reparaciones-de-hasta-900-000-para-cada-escuela","status":"publish","type":"post","link":"https:\/\/pasaenmendoza.com\/?p=4658","title":{"rendered":"La DGE transfiri\u00f3 un fondo para reparaciones de hasta $900.000 para cada escuela"},"content":{"rendered":"\n<p>La\u00a0<strong>Direcci\u00f3n General de Escuelas (DGE)<\/strong>\u00a0comenz\u00f3 a transferir fondos de inicio de clases a los directores para que realicen reparaciones menores en los establecimientos.\u00a0<strong>Cada escuela recibir\u00e1 hasta $900.000<\/strong>.<\/p>\n\n\n\n<p>Esos fondos, seg\u00fan dijeron desde la Subsecretar\u00eda de Infraestructura Escolar, sol\u00edan transferirse durante febrero o marzo; pero en esta ocasi\u00f3n, tras el cambio de mandato, el ministro de Educaci\u00f3n&nbsp;<strong>Tadeo Garc\u00eda Zalazar resolvi\u00f3 adelantarlos para que complementen el &#8220;plan verano&#8221; de refacciones iniciadas por la DGE.<\/strong><\/p>\n\n\n\n<p>&#8220;Entre hoy y ma\u00f1ana&nbsp;<strong>todas las escuelas recibir\u00e1n entre $300.000 y $900.000, seg\u00fan el tama\u00f1o de la escuela y la matr\u00edcula<\/strong>&#8220;, dijo a&nbsp;<strong>Diario UNO<\/strong>&nbsp;el subsecretario&nbsp;<strong>Carlos Daparo<\/strong>.<\/p>\n\n\n\n<p>Esos recursos deben ser utilizados por los directores para desinfecci\u00f3n de tanques, puesta a punto de matafuegos y\/o pintura.<\/p>\n\n\n\n<h2 class=\"wp-block-heading\">Techos y ba\u00f1os para el arranque de clases<\/h2>\n\n\n\n<p>El<strong>&nbsp;plan verano de infraestructura escolar&nbsp;<\/strong>para la puesta a punto de 1.350 edificios de cara al inicio de clases previsto para el 26 de febrero<strong>&nbsp;comenz\u00f3 con la intervenci\u00f3n de 200 escuelas.<\/strong><\/p>\n\n\n\n<p>En ellas se est\u00e1n ejecutando actualmente&nbsp;<strong>unificaciones de techos, reparaciones en ba\u00f1os y adecuaciones de SUM&nbsp;<\/strong>para los alumnos.<\/p>\n\n\n\n<p>Adem\u00e1s de ello, indic\u00f3 Daparo, ya comenzaron a realizarse&nbsp;<strong>obras de gas&nbsp;<\/strong>con la intenci\u00f3n de&nbsp;<strong>llegar en buenas condiciones al invierno<\/strong>. En el primer trimestre del a\u00f1o se esperan finalizar 48 de estas obras.<\/p>\n\n\n\n<p>&#8220;Tambi\u00e9n se est\u00e1n entregando bancos y sillas para todas las escuelas y\u00a0<strong>entre 1.500 y 2.000 ventiladores<\/strong>&#8220;, cont\u00f3 el funcionario del Ministerio de Educaci\u00f3n.<\/p>\n\n\n\n<h2 class=\"wp-block-heading\">Pintura para las escuelas<\/h2>\n\n\n\n<p>Uno de los puntos clave del &#8220;plan verano&#8221; es cambiarles la cara a las escuelas y para ello se espera&nbsp;<strong>arrancar el a\u00f1o escolar con el 45% de los edificios pintados<\/strong>, esto es unos 600.<\/p>\n\n\n\n<p>En esta primera etapa&nbsp;<strong>ya se est\u00e1n pintando 200 escuelas con personal propio de la DGE y otras 200 escuelas con personal que aportan los municipios<\/strong>, las propias escuelas y los celadores.<\/p>\n\n\n\n<p>Se reparti\u00f3 pintura para&nbsp;<strong>pintar frentes, cocina y ba\u00f1o<\/strong>, contaron desde el Gobierno. Las escuelas que ya tengan esos sectores satisfechos, podr\u00e1n avanzar con la pintura de cursos y patios.<\/p>\n\n\n\n<h2 class=\"wp-block-heading\">Que el 70% arranque mejor<\/h2>\n\n\n\n<p>El objetivo que se puso el ministro y director general de escuelas Garc\u00eda Zalazar es&nbsp;<strong>que un 70% de edificios escolares arranquen este a\u00f1o las clases mejor de lo que estaban<\/strong>.<\/p>\n\n\n\n<p>&#8220;La tarea no es sencilla, es un proceso. Estamos intentando no correr detr\u00e1s de los reclamos, sino\u00a0<strong>anticiparnos a los pedidos de los directores<\/strong>. Hay que dar vuelta la rueda&#8221;, se\u00f1al\u00f3 Daparo sobre la nueva estrategia que encar\u00f3 la DGE y que seguir\u00e1 durante el a\u00f1o.<\/p>\n\n\n\n<p><strong>Fuente: www.diariouno.com.ar<\/strong><\/p>\n","protected":false},"excerpt":{"rendered":"<p>La\u00a0Direcci\u00f3n General de Escuelas (DGE)\u00a0comenz\u00f3 a transferir fondos de inicio de clases a los directores para que realicen reparaciones menores en los establecimientos.\u00a0Cada escuela recibir\u00e1 hasta $900.000. Esos fondos, seg\u00fan dijeron desde la Subsecretar\u00eda de Infraestructura Escolar, sol\u00edan transferirse durante febrero o marzo; pero en esta ocasi\u00f3n, tras el cambio de mandato, el ministro de [&hellip;]<\/p>\n","protected":false},"author":2,"featured_media":4659,"comment_status":"open","ping_status":"open","sticky":false,"template":"","format":"standard","meta":[],"categories":[56],"tags":[],"_links":{"self":[{"href":"https:\/\/pasaenmendoza.com\/index.php?rest_route=\/wp\/v2\/posts\/4658"}],"collection":[{"href":"https:\/\/pasaenmendoza.com\/index.php?rest_route=\/wp\/v2\/posts"}],"about":[{"href":"https:\/\/pasaenmendoza.com\/index.php?rest_route=\/wp\/v2\/types\/post"}],"author":[{"embeddable":true,"href":"https:\/\/pasaenmendoza.com\/index.php?rest_route=\/wp\/v2\/users\/2"}],"replies":[{"embeddable":true,"href":"https:\/\/pasaenmendoza.com\/index.php?rest_route=%2Fwp%2Fv2%2Fcomments&post=4658"}],"version-history":[{"count":1,"href":"https:\/\/pasaenmendoza.com\/index.php?rest_route=\/wp\/v2\/posts\/4658\/revisions"}],"predecessor-version":[{"id":4660,"href":"https:\/\/pasaenmendoza.com\/index.php?rest_route=\/wp\/v2\/posts\/4658\/revisions\/4660"}],"wp:featuredmedia":[{"embeddable":true,"href":"https:\/\/pasaenmendoza.com\/index.php?rest_route=\/wp\/v2\/media\/4659"}],"wp:attachment":[{"href":"https:\/\/pasaenmendoza.com\/index.php?rest_route=%2Fwp%2Fv2%2Fmedia&parent=4658"}],"wp:term":[{"taxonomy":"category","embeddable":true,"href":"https:\/\/pasaenmendoza.com\/index.php?rest_route=%2Fwp%2Fv2%2Fcategories&post=4658"},{"taxonomy":"post_tag","embeddable":true,"href":"https:\/\/pasaenmendoza.com\/index.php?rest_route=%2Fwp%2Fv2%2Ftags&post=4658"}],"curies":[{"name":"wp","href":"https:\/\/api.w.org\/{rel}","templated":true}]}}