{"id":4661,"date":"2024-01-18T13:46:22","date_gmt":"2024-01-18T12:46:22","guid":{"rendered":"https:\/\/pasaenmendoza.com\/?p=4661"},"modified":"2024-01-18T13:46:23","modified_gmt":"2024-01-18T12:46:23","slug":"los-gobernadores-de-10-provincias-petroleras-clave-reclamaron-cambios-en-la-ley-omnibus","status":"publish","type":"post","link":"https:\/\/pasaenmendoza.com\/?p=4661","title":{"rendered":"Los gobernadores de 10 provincias petroleras clave reclamaron cambios en la Ley \u00d3mnibus"},"content":{"rendered":"\n<p>Los gobernadores de Neuqu\u00e9n,\u00a0<strong>Rolando Figueroa<\/strong>; de R\u00edo Negro,\u00a0<strong>Alberto Weretilneck<\/strong>; de Chubut,\u00a0<strong>Ignacio Torres<\/strong>; de Tierra del Fuego\u00a0<strong>Gustavo Melella<\/strong>; de La Pampa,\u00a0<strong>Sergio Ziliotto<\/strong>; de Jujuy,\u00a0<strong>Carlos Sadir<\/strong>\u00a0y por zoom el mendocino\u00a0<strong>Alfredo Cornejo<\/strong>, se reunieron este mi\u00e9rcoles en representaci\u00f3n de las 10 provincias integrantes de la Organizaci\u00f3n Federal de Estados Productores de Hidrocarburos (<strong>Ofephi<\/strong>)\u00a0para cerrar un acuerdo sobre la\u00a0<strong>Ley \u00d3mnibus<\/strong>.<\/p>\n\n\n\n<p>La idea fue imponer cambios a la&nbsp;<strong>Ley \u00d3mnibus<\/strong>&nbsp;que Javier Milei envi\u00f3 al Congreso en el cap\u00edtulo vinculado con la producci\u00f3n hidrocarbur\u00edfera. El nuevo texto, que fue chequeado esta misma jornada con el secretario de Energ\u00eda de la Naci\u00f3n,&nbsp;<strong>Eduardo Chirillo<\/strong>, y ser\u00e1 enviado esta noche al Congreso.<\/p>\n\n\n\n<p>Los que no estuvieron presentes enviaron representantes a la sede del CFI en el microcentro porte\u00f1o. Por Formosa particip\u00f3 el ministro de Econom\u00eda, Jorge Iba\u00f1ez;<strong>&nbsp;por Mendoza la ministra de Energ\u00eda y Ambiente Jimena Latorre<\/strong>; por Santa Cruz el ministro de Energ\u00eda, Jaime Alvarez, y por Salta la ministra de Miner\u00eda, Romina Sassarini. Como la llamada liga de gobernadores del Norte,&nbsp;<strong>esta liga integra a provinciales, peronistas, UCR y el PRO.<\/strong><\/p>\n\n\n\n<p><strong>Uno de los temas consensuados es que la ley reconozca taxativamente que los recursos son propiedad de las provincias<\/strong>, que los distritos no delegar\u00e1n la cuesti\u00f3n ambiental y que ser\u00eda beneficiosa la liberaci\u00f3n de las regal\u00edas para hacer competitivas tanto las \u00e1reas convencionales como las no convencionales. Tampoco acompa\u00f1ar\u00edan la privatizaci\u00f3n de YPF, reclamar\u00edan las \u00e1reas de YPF que no est\u00e1n siendo explotadas y exigir\u00e1n ser parte de las licitaciones.<\/p>\n\n\n\n<p>El acuerdo de los mandatarios respecto al cap\u00edtulo de hidrocarburos no alcanza al resto de la ley \u00f3mnibus.<\/p>\n\n\n\n<p>En una charla con El Cronista tanto Figueroa, como Weretilneck y Torres se mostraron optimistas respecto a las conversaciones con el Gobierno.<\/p>\n\n\n\n<p>A impulso de los patag\u00f3nicos, que la semana pasada se juntaron en Villa La Angostura, los mandatarios iniciaron conversaciones con el secretario de Energ\u00eda y en paralelo en Diputados con los enviados de&nbsp;<strong>Javier Milei<\/strong>. A pesar de considerar auspicioso el di\u00e1logo con la gesti\u00f3n libertaria, varios de los mandatarios sospechan que no habr\u00e1 acuerdo, que el Gobierno limitar\u00e1 las correcciones y que no conseguir\u00e1n los votos para la ley que reforma el Estado, sus empresas y \u00e1reas clave de la producci\u00f3n. Antes de la cita en el CFI, en el microcentro porte\u00f1o, &#8220;Rolo&#8221; Figueroa se vio -aparentemente por otros temas- con la ministra de Capital Humano&nbsp;<strong>Sandra Pettovello<\/strong>.<\/p>\n\n\n\n<p><strong>Justo este mi\u00e9rcoles el Gobierno anunci\u00f3 la pr\u00f3rroga de la concesi\u00f3n de las represas hidroel\u00e9ctricas en la zona R\u00edo Negro y Neuqu\u00e9n<\/strong>, que tambi\u00e9n estaban en la mesa de negociaciones. Ambos gobernadores de la regi\u00f3n del Comahue hab\u00edan reclamado por la propiedad de un recurso natural como el agua en el marco de lo que establece la reforma constitucional de 1994. En el documento firmado en El Messidor los patag\u00f3nicos hab\u00edan exigido regal\u00edas por la producci\u00f3n energ\u00e9tica.<\/p>\n\n\n\n<p>Un d\u00eda antes del vencimiento de las concesiones la secretar\u00eda de Energ\u00eda anunci\u00f3 la pr\u00f3rroga de las concesiones por un<strong>\u00a0&#8220;per\u00edodo de transici\u00f3n&#8221; de dos meses El Choc\u00f3n Arroyito (Enel); Cerros Colorados (Aconcagua Argentina) y Alicur\u00e1 (AES Argentina). El corto plazo anima a los mandatarios a considerar que hay margen de negociaciones.<\/strong><\/p>\n\n\n\n<p>El grupo busc\u00f3 mostrar m\u00fasculo pol\u00edtico -los patag\u00f3nicos representan a partidos provinciales, a excepci\u00f3n del de La Pampa- y aliarse con los de Juntos por el Cambio de provincias productoras de hidrocarburos. Adem\u00e1s los seis del sur impulsan un bloque propio en el Senado, c\u00e1mara que representa a las provincias con tres senadores por cada uno de los 24 distritos.<\/p>\n\n\n\n<p>Para condicionar los fuertes debates que se est\u00e1n llevando a cabo se conformar\u00e1 un interbloque federal con los representantes de los partidos provinciales Edith Terenzi y Andrea Cristina (Chubut);&nbsp;<strong>M\u00f3nica Silva&nbsp;<\/strong>(R\u00edo Negro) y Sonia Rojas Decut y Carlos Arce (Misiones).<\/p>\n\n\n\n<p>Aunque mantiene un bajo perfil y evita mostrarse en estas reuniones nacionales, el santacruce\u00f1o Claudio Vidal habilitar\u00eda a integrarse al bloque a los senadores Natalia Gadano y Jos\u00e9 Mar\u00eda Carambia. Adem\u00e1s sorprendi\u00f3 d\u00edas atr\u00e1s la neuquina&nbsp;<strong>Lucila Crexell al anunciar una alianza con Rolo Figueroa. Tambi\u00e9n se sumar\u00e1 al grupo en el que ya cuentan extraoficialmente al salte\u00f1o Juan Carlos Romero<\/strong>. En total son nueve de una c\u00e1mara de 72 integrantes.<\/p>\n\n\n\n<h2 class=\"wp-block-heading\">El peronismo toma distancia<\/h2>\n\n\n\n<p><strong>En la misma l\u00ednea Uni\u00f3n por la Patria anunci\u00f3 la conformaci\u00f3n de un grupo de diputados y senadores patag\u00f3nicos que coordinar\u00e1n estrategias entre ambas c\u00e1maras<\/strong>. Lo integran los fueguinos Mar\u00eda Eugenia Dur\u00e9, Cristina L\u00f3pez, Carolina Yutrovic, Andrea Freites y Jorge Araujo; los santacruce\u00f1os Alicia Kirchner, Ana Mar\u00eda Ianni y Gustavo Gonz\u00e1lez. Por Chubut est\u00e1n Eugenia Alianiello, Carlos Linares y Jos\u00e9 Glinski mientras que por R\u00edo Negro est\u00e1n Silvina Garc\u00eda Larraburu, Mart\u00edn Do\u00f1ate y Mart\u00edn Soria (adversarios en la nterna entre ellos); por Neuqu\u00e9n Silvia Sapag, Tanya Bertoldi, Oscar Parrilli y Pablo Todero y por La Pampa Daniel Bensus\u00e1n, Ariel Rauschenberger y Varinia Mar\u00edn.<\/p>\n\n\n\n<p><strong>El grupo emiti\u00f3 un comunicado con el t\u00edtulo &#8220;La Patagonia no se negocia&#8221;&nbsp;<\/strong>en el que parecieron tomar distancia de los gobernadores o al menos apuntar a una agenda de debate m\u00e1s amplia. Espec\u00edficamente indicaron que no comparten mirada con los espacios que apoyar\u00edan la ley \u00f3mnibus y el DNU de Milei &#8220;a cambio de conservar la &#8220;constitucionalidad&#8221; de la legislaci\u00f3n hidrocarbur\u00edfera y el mantenimiento del sector tur\u00edstico&#8221;.<\/p>\n\n\n\n<p>El primero y extenso p\u00e1rrafo destaca: &#8220;<strong>La Patagonia no se agota s\u00f3lo en dos temas.<\/strong>\u00a0Desde ya que nosotros y nosotras tambi\u00e9n nos oponemos a la privatizaci\u00f3n de YPF y respaldamos el desarrollo y protecci\u00f3n de nuestro turismo, pero nuestra preocupaci\u00f3n a la vez es por la soberan\u00eda de las nuestras Islas Malvinas, la eliminaci\u00f3n de la zona desfavorable y zona fr\u00eda, la derogaci\u00f3n de la Ley de Tierras, la desregulaci\u00f3n ambiental de la Ley del Manejo del Fuego, Ley de Bosques y Ley de Glaciares, la quita de representaci\u00f3n en el Congreso, el desfinanciamiento del Conicet, la p\u00e9rdida de empresas como Aerol\u00edneas y ARSAT o la desregulaci\u00f3n de INVAP, la destrucci\u00f3n de nuestra empresa YCRT, la desregulaci\u00f3n y apertura de importaciones para nuestra Industria nacional, as\u00ed como la Ley de Pesca&#8221;.<\/p>\n\n\n\n<p><strong>Fuente: www.diariouno.com.ar<\/strong><\/p>\n\n\n\n<p><\/p>\n","protected":false},"excerpt":{"rendered":"<p>Los gobernadores de Neuqu\u00e9n,\u00a0Rolando Figueroa; de R\u00edo Negro,\u00a0Alberto Weretilneck; de Chubut,\u00a0Ignacio Torres; de Tierra del Fuego\u00a0Gustavo Melella; de La Pampa,\u00a0Sergio Ziliotto; de Jujuy,\u00a0Carlos Sadir\u00a0y por zoom el mendocino\u00a0Alfredo Cornejo, se reunieron este mi\u00e9rcoles en representaci\u00f3n de las 10 provincias integrantes de la Organizaci\u00f3n Federal de Estados Productores de Hidrocarburos (Ofephi)\u00a0para cerrar un acuerdo sobre la\u00a0Ley [&hellip;]<\/p>\n","protected":false},"author":2,"featured_media":4666,"comment_status":"open","ping_status":"open","sticky":false,"template":"","format":"standard","meta":[],"categories":[92],"tags":[],"_links":{"self":[{"href":"https:\/\/pasaenmendoza.com\/index.php?rest_route=\/wp\/v2\/posts\/4661"}],"collection":[{"href":"https:\/\/pasaenmendoza.com\/index.php?rest_route=\/wp\/v2\/posts"}],"about":[{"href":"https:\/\/pasaenmendoza.com\/index.php?rest_route=\/wp\/v2\/types\/post"}],"author":[{"embeddable":true,"href":"https:\/\/pasaenmendoza.com\/index.php?rest_route=\/wp\/v2\/users\/2"}],"replies":[{"embeddable":true,"href":"https:\/\/pasaenmendoza.com\/index.php?rest_route=%2Fwp%2Fv2%2Fcomments&post=4661"}],"version-history":[{"count":1,"href":"https:\/\/pasaenmendoza.com\/index.php?rest_route=\/wp\/v2\/posts\/4661\/revisions"}],"predecessor-version":[{"id":4668,"href":"https:\/\/pasaenmendoza.com\/index.php?rest_route=\/wp\/v2\/posts\/4661\/revisions\/4668"}],"wp:featuredmedia":[{"embeddable":true,"href":"https:\/\/pasaenmendoza.com\/index.php?rest_route=\/wp\/v2\/media\/4666"}],"wp:attachment":[{"href":"https:\/\/pasaenmendoza.com\/index.php?rest_route=%2Fwp%2Fv2%2Fmedia&parent=4661"}],"wp:term":[{"taxonomy":"category","embeddable":true,"href":"https:\/\/pasaenmendoza.com\/index.php?rest_route=%2Fwp%2Fv2%2Fcategories&post=4661"},{"taxonomy":"post_tag","embeddable":true,"href":"https:\/\/pasaenmendoza.com\/index.php?rest_route=%2Fwp%2Fv2%2Ftags&post=4661"}],"curies":[{"name":"wp","href":"https:\/\/api.w.org\/{rel}","templated":true}]}}