{"id":4667,"date":"2024-01-18T13:48:22","date_gmt":"2024-01-18T12:48:22","guid":{"rendered":"https:\/\/pasaenmendoza.com\/?p=4667"},"modified":"2024-01-18T13:48:23","modified_gmt":"2024-01-18T12:48:23","slug":"jubilado-abatido-en-godoy-cruz-confirmaron-que-el-policia-actuo-en-legitima-defensa","status":"publish","type":"post","link":"https:\/\/pasaenmendoza.com\/?p=4667","title":{"rendered":"Jubilado abatido en Godoy Cruz: confirmaron que el polic\u00eda actu\u00f3 en leg\u00edtima defensa"},"content":{"rendered":"\n<p>La fiscal de Homicidios,<strong>&nbsp;Claudia Alejandra R\u00edos<\/strong>&nbsp;determin\u00f3 que el polic\u00eda de la<strong>&nbsp;Unidad Investigativa Departamental Godoy Cruz<\/strong>&nbsp;(<strong>UID<\/strong>) que abati\u00f3 el mi\u00e9rcoles a<strong>&nbsp;Ra\u00fal Gabriel Roux<\/strong>&nbsp;(78) actu\u00f3 en&nbsp;<strong>leg\u00edtima defensa<\/strong>.<\/p>\n\n\n\n<p>Fue horas despu\u00e9s del allanamiento que desemboc\u00f3 en la muerte del jubilado que la representante del\u00a0<strong>Ministerio P\u00fablico<\/strong>\u00a0<mark>imput\u00f3 de manera preventiva al efectivo de Investigaciones por homicidio agravado por el uso de arma de fuego<\/mark>.<\/p>\n\n\n\n<p>Esa acusaci\u00f3n se formul\u00f3 de manera preventiva, con el objetivo de avanzar en la investigaci\u00f3n, pero el funcionario qued\u00f3 autom\u00e1ticamente en libertad. Esto, principalmente, porque desde un principio las pruebas recolectadas apuntaban que su accionar estuvo justificado.<\/p>\n\n\n\n<p>La reconstrucci\u00f3n que realizaron los pesquisas sostiene que Roux apunt\u00f3 a los sabuesos de la UID cuando irrumpieron en su casa para realizar una medida judicial, en el marco de una investigaci\u00f3n por denuncias de amenazas agravadas por el uso de arma de fuego.<\/p>\n\n\n\n<p>Ante eso,\u00a0<mark>tanto la vida del polic\u00eda que dispar\u00f3 como la de sus compa\u00f1eros estuvo en riesgo<\/mark>, sostiene la investigaci\u00f3n, motivo por el que se emple\u00f3 el arma reglamentaria para evitar que el septuagenario accionara la pistola calibre 22.<\/p>\n\n\n\n<p>Adem\u00e1s,&nbsp;<mark>el arma de Roux estaba cargada con diez balas y ten\u00eda una en la rec\u00e1mara, es decir, estaba lista para el disparo<\/mark>, confirmaron fuentes allegadas a la instrucci\u00f3n.<\/p>\n\n\n\n<p>De esa manera, en las pr\u00f3ximas horas la fiscal R\u00edos solicitar\u00e1 el sobreseimiento del polic\u00eda imputado, una vez que se incorporen los \u00faltimos informes restantes al expediente.<\/p>\n\n\n\n<p>El hecho se produjo pasadas las 7 del mi\u00e9rcoles cuando los efectivos de la UID llegaron hasta la vivienda de calle Alem 2.140 del jubilado, frente al<strong>\u00a0barrio Villa Edilco<\/strong>, hacia el oeste\u00a0<strong>Acceso Sur<\/strong>.<\/p>\n\n\n\n<p>El allanamiento hab\u00eda sido solicitado por la fiscal de&nbsp;<strong>Delitos No Especializados Patricia Atur&nbsp;<\/strong>y autorizado por un juez de Garant\u00edas, luego de las denuncias recepcionadas contra Roux, por&nbsp;<mark>amenazas a punta de arma de fuego contra vecinos y familiares,&nbsp;<\/mark><mark>sostuvieron las fuentes consultadas<\/mark>.<\/p>\n\n\n\n<p>No obstante, los funcionarios se encontraron con la resistencia del hombre, quien esgrimi\u00f3 su pistola hacia los polic\u00edas y\u00a0termin\u00f3 recibiendo un disparo en el pecho, perdiendo la vida luego de ser trasladado al\u00a0<strong>Hospital Central<\/strong>.<\/p>\n\n\n\n<p><strong>Fuente: www.elsol.com.ar<\/strong><\/p>\n","protected":false},"excerpt":{"rendered":"<p>La fiscal de Homicidios,&nbsp;Claudia Alejandra R\u00edos&nbsp;determin\u00f3 que el polic\u00eda de la&nbsp;Unidad Investigativa Departamental Godoy Cruz&nbsp;(UID) que abati\u00f3 el mi\u00e9rcoles a&nbsp;Ra\u00fal Gabriel Roux&nbsp;(78) actu\u00f3 en&nbsp;leg\u00edtima defensa. Fue horas despu\u00e9s del allanamiento que desemboc\u00f3 en la muerte del jubilado que la representante del\u00a0Ministerio P\u00fablico\u00a0imput\u00f3 de manera preventiva al efectivo de Investigaciones por homicidio agravado por el uso [&hellip;]<\/p>\n","protected":false},"author":2,"featured_media":4671,"comment_status":"open","ping_status":"open","sticky":false,"template":"","format":"standard","meta":[],"categories":[48],"tags":[],"_links":{"self":[{"href":"https:\/\/pasaenmendoza.com\/index.php?rest_route=\/wp\/v2\/posts\/4667"}],"collection":[{"href":"https:\/\/pasaenmendoza.com\/index.php?rest_route=\/wp\/v2\/posts"}],"about":[{"href":"https:\/\/pasaenmendoza.com\/index.php?rest_route=\/wp\/v2\/types\/post"}],"author":[{"embeddable":true,"href":"https:\/\/pasaenmendoza.com\/index.php?rest_route=\/wp\/v2\/users\/2"}],"replies":[{"embeddable":true,"href":"https:\/\/pasaenmendoza.com\/index.php?rest_route=%2Fwp%2Fv2%2Fcomments&post=4667"}],"version-history":[{"count":1,"href":"https:\/\/pasaenmendoza.com\/index.php?rest_route=\/wp\/v2\/posts\/4667\/revisions"}],"predecessor-version":[{"id":4672,"href":"https:\/\/pasaenmendoza.com\/index.php?rest_route=\/wp\/v2\/posts\/4667\/revisions\/4672"}],"wp:featuredmedia":[{"embeddable":true,"href":"https:\/\/pasaenmendoza.com\/index.php?rest_route=\/wp\/v2\/media\/4671"}],"wp:attachment":[{"href":"https:\/\/pasaenmendoza.com\/index.php?rest_route=%2Fwp%2Fv2%2Fmedia&parent=4667"}],"wp:term":[{"taxonomy":"category","embeddable":true,"href":"https:\/\/pasaenmendoza.com\/index.php?rest_route=%2Fwp%2Fv2%2Fcategories&post=4667"},{"taxonomy":"post_tag","embeddable":true,"href":"https:\/\/pasaenmendoza.com\/index.php?rest_route=%2Fwp%2Fv2%2Ftags&post=4667"}],"curies":[{"name":"wp","href":"https:\/\/api.w.org\/{rel}","templated":true}]}}