{"id":4669,"date":"2024-01-18T13:49:29","date_gmt":"2024-01-18T12:49:29","guid":{"rendered":"https:\/\/pasaenmendoza.com\/?p=4669"},"modified":"2024-01-18T13:49:30","modified_gmt":"2024-01-18T12:49:30","slug":"el-titular-de-los-estacioneros-mendocinos-confirmo-una-caida-en-las-ventas-y-anticipo-mas-aumentos","status":"publish","type":"post","link":"https:\/\/pasaenmendoza.com\/?p=4669","title":{"rendered":"El titular de los estacioneros mendocinos confirm\u00f3 una ca\u00edda en las ventas y anticip\u00f3 m\u00e1s aumentos"},"content":{"rendered":"\n<p><strong>Isabelino Rodr\u00edguez<\/strong>, presidente de\u00a0<strong>Asociaci\u00f3n Mendocina de Expendedores de Nafta (Amena)<\/strong>\u00a0y de la Confederaci\u00f3n de Entidades del Comercio de Hidrocarburos y Afines de la Rep\u00fablica Argentina (CECHA), admiti\u00f3 que\u00a0<strong>las ventas de combustible en la provincia bajaron un 20%<\/strong>\u00a0despu\u00e9s de la reciente\u00a0<strong>liberaci\u00f3n de los precios<\/strong>.<\/p>\n\n\n\n<p>Sin embargo, en los \u00faltimos d\u00edas tambi\u00e9n se supo que en algunas estaciones de C\u00f3rdoba y Salta, por ejemplo,&nbsp;<strong>los incrementos empezaban a ceder a ra\u00edz de este derrumbe en la demanda de nafta y gasoil<\/strong>.<\/p>\n\n\n\n<p>Isabelino\u00a0<strong>matiz\u00f3 el dato<\/strong>\u00a0en di\u00e1logo con el programa &#8220;El ventilador&#8221;, de radio Nihuil, y coment\u00f3:\u00a0<strong>&#8220;Hay que ver hasta qu\u00e9 punto la demanda tolera todos estos aumentos&#8221;<\/strong>.<\/p>\n\n\n\n<h2 class=\"wp-block-heading\">&#8220;Sinceramiento&#8221; en el precio de las naftas<\/h2>\n\n\n\n<p>&#8220;Hay que ver c\u00f3mo se desarrolla este camino de&nbsp;<strong>sinceramiento de precios<\/strong>&nbsp;-sigui\u00f3 Rodr\u00edguez-. Se est\u00e1 hablando de ir hacia un&nbsp;<strong>valor&nbsp;<em>import parity<\/em><\/strong>, que siempre ha estado en Argentina en la l\u00ednea del d\u00f3lar o d\u00f3lar 20&#8243;.<\/p>\n\n\n\n<p>El&nbsp;<em>import parity<\/em>&nbsp;es la llamada &#8220;paridad de importaci\u00f3n&#8221;.&nbsp;<strong>Se vincula con cu\u00e1nto costar\u00eda el combustible si hubiera que importarlo<\/strong>. Seg\u00fan ese criterio, el litro de nafta en Argentina deber\u00eda superar largamente<strong>&nbsp;los $1.000<\/strong>; una cifra que dejar\u00eda a muchos a pie.<\/p>\n\n\n\n<p>Y desde el sector a\u00f1aden que&nbsp;<strong>en s\u00f3lo dos meses hubo una escalada de hasta el 140%<\/strong>, lo que ha disminuido dr\u00e1sticamente la rotaci\u00f3n del producto, que en algunos casos&nbsp;<strong>permanece almacenado en los tanques por m\u00e1s tiempo que antes<\/strong>.<\/p>\n\n\n\n<p>Isabelino consider\u00f3: &#8220;<strong>Nosotros ya hemos visto una merma en nuestras ventas del orden del 20% o 25% en Mendoza y de al menos un 15% a nivel pa\u00eds<\/strong>. Y toda la l\u00ednea premium ha sufrido una baja significativamente mayor&#8221;.<\/p>\n\n\n\n<p>\u00bfC\u00f3mo golpea esto a los estacioneros? Depende de la zona y del &#8220;banque&#8221; que tengan.<\/p>\n\n\n\n<p>&#8220;Es un fen\u00f3meno que afecta a todas las banderas, pero<strong>\u00a0las que m\u00e1s van a sufrir son seguramente las estaciones de servicio de pueblo<\/strong>, que no cuentan con la red de contenci\u00f3n que tienen otras&#8221;, describi\u00f3 el entrevistado, aunque aclar\u00f3 que por el momento &#8220;<strong>no se han detectado cierres<\/strong>&#8220;.<\/p>\n\n\n\n<h2 class=\"wp-block-heading\">En febrero podr\u00edan llegar nuevos aumentos<\/h2>\n\n\n\n<p>A futuro -consider\u00f3 el titular de los estacioneros locales- el panorama quedar\u00e1 configurado de acuerdo al<strong>&nbsp;juego entre factores fundamentales<\/strong>: la situaci\u00f3n del&nbsp;<strong>mercado global<\/strong>, la posibilidad de futuras<strong>&nbsp;devaluaciones<\/strong>&nbsp;de la moneda nacional y el efecto que puede tener la inminente&nbsp;<strong>modificaci\u00f3n del impuesto a los combustibles l\u00edquidos<\/strong>.<\/p>\n\n\n\n<p>&#8220;Respecto a este impuesto a los combustibles l\u00edquidos, recordemos que&nbsp;<strong>el 1 de febrero se vencen las pr\u00f3rrogas que se hab\u00edan aplicado durante el gobierno anterior y que se extendieron durante 8 trimestres<\/strong>. Si se decide trasladar eso a precios, implicar\u00eda otro<strong>&nbsp;aumento de aproximadamente el 10%<\/strong>&#8220;, coment\u00f3 Rodr\u00edguez.<\/p>\n\n\n\n<p>El impuesto involucra, seg\u00fan \u00e9l, a $2.800 millones &#8220;que por ley deb\u00edan ser trasladados a precios y que\u00a0<strong>por razones de \u00edndole pol\u00edtica estaban &#8216;frenados&#8217;<\/strong>&#8220;.<\/p>\n\n\n\n<p><strong>Fuente: www.diariouno.com.ar<\/strong><\/p>\n","protected":false},"excerpt":{"rendered":"<p>Isabelino Rodr\u00edguez, presidente de\u00a0Asociaci\u00f3n Mendocina de Expendedores de Nafta (Amena)\u00a0y de la Confederaci\u00f3n de Entidades del Comercio de Hidrocarburos y Afines de la Rep\u00fablica Argentina (CECHA), admiti\u00f3 que\u00a0las ventas de combustible en la provincia bajaron un 20%\u00a0despu\u00e9s de la reciente\u00a0liberaci\u00f3n de los precios. Sin embargo, en los \u00faltimos d\u00edas tambi\u00e9n se supo que en algunas [&hellip;]<\/p>\n","protected":false},"author":2,"featured_media":4670,"comment_status":"open","ping_status":"open","sticky":false,"template":"","format":"standard","meta":[],"categories":[79],"tags":[],"_links":{"self":[{"href":"https:\/\/pasaenmendoza.com\/index.php?rest_route=\/wp\/v2\/posts\/4669"}],"collection":[{"href":"https:\/\/pasaenmendoza.com\/index.php?rest_route=\/wp\/v2\/posts"}],"about":[{"href":"https:\/\/pasaenmendoza.com\/index.php?rest_route=\/wp\/v2\/types\/post"}],"author":[{"embeddable":true,"href":"https:\/\/pasaenmendoza.com\/index.php?rest_route=\/wp\/v2\/users\/2"}],"replies":[{"embeddable":true,"href":"https:\/\/pasaenmendoza.com\/index.php?rest_route=%2Fwp%2Fv2%2Fcomments&post=4669"}],"version-history":[{"count":1,"href":"https:\/\/pasaenmendoza.com\/index.php?rest_route=\/wp\/v2\/posts\/4669\/revisions"}],"predecessor-version":[{"id":4673,"href":"https:\/\/pasaenmendoza.com\/index.php?rest_route=\/wp\/v2\/posts\/4669\/revisions\/4673"}],"wp:featuredmedia":[{"embeddable":true,"href":"https:\/\/pasaenmendoza.com\/index.php?rest_route=\/wp\/v2\/media\/4670"}],"wp:attachment":[{"href":"https:\/\/pasaenmendoza.com\/index.php?rest_route=%2Fwp%2Fv2%2Fmedia&parent=4669"}],"wp:term":[{"taxonomy":"category","embeddable":true,"href":"https:\/\/pasaenmendoza.com\/index.php?rest_route=%2Fwp%2Fv2%2Fcategories&post=4669"},{"taxonomy":"post_tag","embeddable":true,"href":"https:\/\/pasaenmendoza.com\/index.php?rest_route=%2Fwp%2Fv2%2Ftags&post=4669"}],"curies":[{"name":"wp","href":"https:\/\/api.w.org\/{rel}","templated":true}]}}