{"id":4683,"date":"2024-01-19T13:34:47","date_gmt":"2024-01-19T12:34:47","guid":{"rendered":"https:\/\/pasaenmendoza.com\/?p=4683"},"modified":"2024-01-19T13:34:48","modified_gmt":"2024-01-19T12:34:48","slug":"el-titular-de-la-camara-de-turismo-pidio-que-el-banco-nacion-financie-las-vacaciones-en-mendoza","status":"publish","type":"post","link":"https:\/\/pasaenmendoza.com\/?p=4683","title":{"rendered":"El titular de la C\u00e1mara de Turismo pidi\u00f3 que el Banco Naci\u00f3n financie las vacaciones en Mendoza"},"content":{"rendered":"\n<p>El presidente de la C\u00e1mara de\u00a0<strong>Turismo\u00a0<\/strong>de Mendoza,\u00a0<strong>Ricardo Becacceci<\/strong>, admiti\u00f3 que Mendoza deber\u00eda hacer gestiones para\u00a0<strong>financiar las vacaciones de verano en 12 cuotas sin inter\u00e9s<\/strong>\u00a0al estilo San Luis, a trav\u00e9s del Banco Naci\u00f3n.<\/p>\n\n\n\n<p>En el programa &#8220;Primeras Voces&#8221;, dijo que la ocupaci\u00f3n hotelera en Mendoza estuvo en un\u00a0<strong>&#8220;50% promedio durante la primera quincena de enero<\/strong>; y admiti\u00f3 que en Mendoza &#8220;deber\u00edamos&#8221; hacer gestiones para financiar las vacaciones en 12 cuotas a trav\u00e9s del Naci\u00f3n,\u00a0<strong>lo que implica una negociaci\u00f3n y acuerdo con las tarjetas de cr\u00e9dito<\/strong>.<\/p>\n\n\n\n<p>En el programa &#8220;Primeras Voces&#8221;, dijo que la ocupaci\u00f3n hotelera en Mendoza estuvo en un\u00a0<strong>&#8220;50% promedio durante la primera quincena de enero<\/strong>; y admiti\u00f3 que en Mendoza &#8220;deber\u00edamos&#8221; hacer gestiones para financiar las vacaciones en 12 cuotas a trav\u00e9s del Naci\u00f3n,\u00a0<strong>lo que implica una negociaci\u00f3n y acuerdo con las tarjetas de cr\u00e9dito<\/strong>.<\/p>\n\n\n\n<h2 class=\"wp-block-heading\">Promociones: la de San Luis y el Sale Mendoza<\/h2>\n\n\n\n<p>&#8220;Deber\u00edamos hacer gestiones con el Banco Naci\u00f3n&#8221;, contest\u00f3 Becacceci cuando se le pregunt\u00f3 por la&nbsp;<strong>financiaci\u00f3n en 12 cuotas sin inter\u00e9s&nbsp;<\/strong>de las vacaciones de verano que lanz\u00f3 la provincia de San Luis para los clientes del agente financiero nacional.<\/p>\n\n\n\n<p>Las promociones del Sale Mendoza son para todo el turismo que circula por Mendoza y no s\u00f3lo para mendocinos, explic\u00f3 el presidente de la C\u00e1mara de Turismo, y fue implementada entre Estado y privados para atraer a viajeros locales pero tambi\u00e9n de otras latitudes, especialmente los de provincias vecinas.<\/p>\n\n\n\n<p><strong>&#8220;El Sale Mendoza ha sido importante para elevar el promedio de ocupaci\u00f3n porque logr\u00f3 atraer a quienes, por los costos del combustible, por ejemplo, decidieron no viajar a destinos tan lejanos como la Costa Atl\u00e1ntica, las Sierras o el Pac\u00edfico&#8221;<\/strong>.<\/p>\n\n\n\n<h2 class=\"wp-block-heading\">Febrero y la Vendimia<\/h2>\n\n\n\n<p>&#8220;Calculamos que en&nbsp;<strong>febrero&nbsp;<\/strong>la tendencia ser\u00e1 moderada, aunque tenemos algunas expectativas superiores para el fin de semana largo de cuatro d\u00edas por Carnaval&#8221;, dijo el dirigente en referencia al s\u00e1bado 10, domingo 11, lunes 12 y martes 13 del mes entrante.<\/p>\n\n\n\n<p>Las reservas para la\u00a0<strong>Vendimia 2024\u00a0<\/strong>&#8220;a\u00fan no se activan&#8221;, dijo Beccaceci, y lo atribuy\u00f3 a que\u00a0<strong>el Gobierno tiene pendiente de definici\u00f3n e implementaci\u00f3n el mecanismo de puesta a la venta de las entradas para el Acto Central y las posteriores<\/strong>, as\u00ed como el resto del calendario de actividades y espect\u00e1culos y las acciones promocionales, &#8220;m\u00e1s all\u00e1 de que Vendimia es una fiesta instalada a nivel nacional e internacional&#8221;.<\/p>\n\n\n\n<p><strong>Fuente: www.diariouno.com.ar<\/strong><\/p>\n","protected":false},"excerpt":{"rendered":"<p>El presidente de la C\u00e1mara de\u00a0Turismo\u00a0de Mendoza,\u00a0Ricardo Becacceci, admiti\u00f3 que Mendoza deber\u00eda hacer gestiones para\u00a0financiar las vacaciones de verano en 12 cuotas sin inter\u00e9s\u00a0al estilo San Luis, a trav\u00e9s del Banco Naci\u00f3n. En el programa &#8220;Primeras Voces&#8221;, dijo que la ocupaci\u00f3n hotelera en Mendoza estuvo en un\u00a0&#8220;50% promedio durante la primera quincena de enero; y [&hellip;]<\/p>\n","protected":false},"author":2,"featured_media":4694,"comment_status":"open","ping_status":"open","sticky":false,"template":"","format":"standard","meta":[],"categories":[64],"tags":[],"_links":{"self":[{"href":"https:\/\/pasaenmendoza.com\/index.php?rest_route=\/wp\/v2\/posts\/4683"}],"collection":[{"href":"https:\/\/pasaenmendoza.com\/index.php?rest_route=\/wp\/v2\/posts"}],"about":[{"href":"https:\/\/pasaenmendoza.com\/index.php?rest_route=\/wp\/v2\/types\/post"}],"author":[{"embeddable":true,"href":"https:\/\/pasaenmendoza.com\/index.php?rest_route=\/wp\/v2\/users\/2"}],"replies":[{"embeddable":true,"href":"https:\/\/pasaenmendoza.com\/index.php?rest_route=%2Fwp%2Fv2%2Fcomments&post=4683"}],"version-history":[{"count":1,"href":"https:\/\/pasaenmendoza.com\/index.php?rest_route=\/wp\/v2\/posts\/4683\/revisions"}],"predecessor-version":[{"id":4695,"href":"https:\/\/pasaenmendoza.com\/index.php?rest_route=\/wp\/v2\/posts\/4683\/revisions\/4695"}],"wp:featuredmedia":[{"embeddable":true,"href":"https:\/\/pasaenmendoza.com\/index.php?rest_route=\/wp\/v2\/media\/4694"}],"wp:attachment":[{"href":"https:\/\/pasaenmendoza.com\/index.php?rest_route=%2Fwp%2Fv2%2Fmedia&parent=4683"}],"wp:term":[{"taxonomy":"category","embeddable":true,"href":"https:\/\/pasaenmendoza.com\/index.php?rest_route=%2Fwp%2Fv2%2Fcategories&post=4683"},{"taxonomy":"post_tag","embeddable":true,"href":"https:\/\/pasaenmendoza.com\/index.php?rest_route=%2Fwp%2Fv2%2Ftags&post=4683"}],"curies":[{"name":"wp","href":"https:\/\/api.w.org\/{rel}","templated":true}]}}