{"id":4684,"date":"2024-01-19T13:20:09","date_gmt":"2024-01-19T12:20:09","guid":{"rendered":"https:\/\/pasaenmendoza.com\/?p=4684"},"modified":"2024-01-19T13:20:10","modified_gmt":"2024-01-19T12:20:10","slug":"un-triunfo-pero-sin-premio-sacarian-las-retenciones-al-vino-de-la-ley-omnibus","status":"publish","type":"post","link":"https:\/\/pasaenmendoza.com\/?p=4684","title":{"rendered":"Un triunfo pero sin premio: sacar\u00edan las retenciones al vino de la ley \u00f3mnibus"},"content":{"rendered":"\n<p>Las modificaciones planteadas por la oposici\u00f3n para acompa\u00f1ar el proyecto del oficialismo incluyen la quita de retenciones a las econom\u00edas regionales. En el vino ya eran del 0%.<\/p>\n\n\n\n<p>El Gobierno lleg\u00f3 este jueves por la noche a un principio de acuerdo con la oposici\u00f3n &#8220;dialoguista&#8221; luego de incorporar una serie de correcciones en los puntos m\u00e1s \u00e1lgidos del proyecto de\u00a0<strong>ley \u00f3mnibus<\/strong>\u00a0que se debate en la C\u00e1mara de Diputados.<\/p>\n\n\n\n<p>Los cambios fueron una condici\u00f3n planteada por la UCR, Hacemos Coalici\u00f3n Federal e Innovaci\u00f3n Federal para acompa\u00f1ar el dictamen del oficialismo.<\/p>\n\n\n\n<p>Uno de ellos es la reducci\u00f3n de 2 a 1 a\u00f1o de las facultades delegadas al Poder Ejecutivo con una mayor restricci\u00f3n de las emergencias declaradas. Tambi\u00e9n la implementaci\u00f3n de una nueva f\u00f3rmula de movilidad jubilatoria atada al \u00edndice de inflaci\u00f3n, o acaso retirar este art\u00edculo para discutirlo m\u00e1s adelante.<\/p>\n\n\n\n<p>Pero un punto que el sector vitivin\u00edcola mendocino segu\u00eda con mucha atenci\u00f3n, es el de las\u00a0<strong>retenciones<\/strong>. Seg\u00fan se plante\u00f3, se mantendr\u00eda el 33% de las\u00a0<strong>retenciones\u00a0<\/strong>a la soja, pero se reducir\u00eda a cero los derechos de exportaci\u00f3n a las econom\u00edas regionales.<\/p>\n\n\n\n<p>Esto gener\u00f3 sin dudas un alivio en el sector vitivin\u00edcola, que planteaba que la implementaci\u00f3n del 8% dejaba al sector con un panorama muy oscuro.<\/p>\n\n\n\n<p>El proyecto impulsado por Javier Milei propon\u00eda inicialmente llevar las\u00a0<strong>retenciones\u00a0<\/strong>al vino del 0 al 8%, lo que gener\u00f3 una movilizaci\u00f3n de los representantes del sector.<\/p>\n\n\n\n<p>El presidente de la Corporaci\u00f3n Vitivin\u00edcola Argentina (Coviar), Mario Gonz\u00e1lez, expuso hace unos d\u00edas en Diputados sus argumentos en contra de esta suba a las&nbsp;<strong>retenciones&nbsp;<\/strong>del vino planteada en la ley \u00f3mnibus.<\/p>\n\n\n\n<p>&#8220;Aplicando este 8%, la recaudaci\u00f3n ser\u00eda solamente de 60 millones de d\u00f3lares. Para el pa\u00eds no es importante, pero para la vitivinicultura s\u00ed. Apelo a la capacidad de todos y al sentido com\u00fan&#8221;, sostuvo.<\/p>\n\n\n\n<p>Representantes de Bodegas Argentinas tambi\u00e9n estuvieron en el Congreso. Walter Pav\u00f3n, gerente de Relaciones Institucionales, dijo que \u201ctodos entendieron el planteo que hicimos, el perjuicio que significa para nosotros a implementaci\u00f3n del 8% de derechos de exportaci\u00f3n\u201d.<\/p>\n\n\n\n<p>De esta manera, desde el Gobierno de Mendoza vislumbran esta modificaci\u00f3n en la Ley de Bases como un \u201ctriunfo\u201d, aunque no habr\u00eda cambios para el sector, ya que las retenciones eran del 0% tras una decisi\u00f3n de la gesti\u00f3n anterior. Al respecto, semanas atr\u00e1s Alfredo Cornejo hab\u00eda encabezado un pedido expreso al Gobierno nacional indicando que&nbsp;las retenciones de 8% significan para el Estado nacional un ingreso de 60 millones de d\u00f3lares por a\u00f1o, lo que equivale, seg\u00fan sus c\u00e1lculos, al 0,005% del Gasto p\u00fablico de la Administraci\u00f3n Nacional.<\/p>\n\n\n\n<p>Luego de esta decisi\u00f3n, en general le dar\u00edan los votos a Javier Milei para que pueda poner en marcha la controvertida ley \u00f3mnibus.<\/p>\n\n\n\n<h2 class=\"wp-block-heading\">Uno por uno, los cambios que tendr\u00e1 la ley \u00f3mnibus del nuevo Gobierno<\/h2>\n\n\n\n<p>Luego de un encuentro clave entre los representantes del oficialismo en el Ejecutivo y en el Congreso con los referentes de los bloques legislativos en la oposici\u00f3n confirmaron que se&nbsp;&#8220;van a disminuir las emergencias&#8221; que en el proyecto original son once. Y las delegaciones ser\u00e1n por un a\u00f1o, y no por cuatro. En este sentido, tambi\u00e9n se eliminar\u00edan una serie de art\u00edculos que le garantizaban al gobierno la posibilidad de saltear al Congreso.<\/p>\n\n\n\n<p>Uno de los temas que qued\u00f3 pendiente es saber de d\u00f3nde van a sacar recursos para aumentar la recaudaci\u00f3n, ya que bajar a cero las retenciones de las econom\u00edas regionales y no modificar la movilidad jubilatoria genera un hueco en los recursos del Estado. Seg\u00fan De Loredo, que dio una conferencia de prensa al respecto, &#8220;no se habl\u00f3 de d\u00f3nde van a sacar la recursos&#8221;.<\/p>\n\n\n\n<p>En paralelo, fuentes del Ministerio de Interior deslizaron<strong>\u00a0<\/strong>que eval\u00faan aumentar las retenciones a productos industriales y a los oleaginosos. Frente al interrogante sobre de d\u00f3nde saldr\u00e1n los recursos para llegar al d\u00e9ficit cero, Massot remarc\u00f3:\u00a0&#8220;Seguimos insistiendo en el gasto tributario, y dijeron que lo van a analizar&#8221;.<\/p>\n\n\n\n<p>Otro de los puntos que se conocieron hoy fue que el Gobierno acept\u00f3 sacar a&nbsp;<strong>YPF&nbsp;<\/strong>de las compa\u00f1\u00edas que quedan sujetas a privatizaci\u00f3n. Las otras cuarenta compa\u00f1\u00edas estatales acordaron que, en caso de ser privatizadas, el Gobierno deba mandar los pliegos al Congreso de la Naci\u00f3n para que sean tratados en la comisi\u00f3n bicameral correspondiente, que hace por lo menos diez a\u00f1os no funciona.<\/p>\n\n\n\n<p>En ese punto, HCF le marc\u00f3 la importancia de que el Banco Naci\u00f3n, Yacimientos Mineros de Agua de Dionisio (YMAD), YPF y&nbsp;Arsat se mantenga con mayor\u00eda accionaria del sector p\u00fablico. &#8220;No estamos de acuerdo con que se privatice el total, pero podemos discutir si quieren&nbsp;privatizaciones parciales&#8221;.<\/p>\n\n\n\n<p>En lo que tiene que ver con el cap\u00edtulo electoral, confirmaron que &#8220;se elimina una gran parte&#8221;, en referencia a las circunscripciones&nbsp;uninominales. En cambio aclar\u00f3 que &#8220;sobre las PASO todav\u00eda hay discusi\u00f3n&#8221;. Este bloque sostiene que este tema no debe ser tratado con la urgencia que el Gobierno pide con esta ley, en el per\u00edodo extraordinario.<\/p>\n\n\n\n<p>Por otro lado, los funcionarios del Gobierno, &#8220;insistieron con eliminar el tope de financiamiento privado para los partidos pol\u00edticos&#8221;. &#8220;Es algo que nosotros creemos que debe seguir, y ellos dice que quieren blanquear algo que ya ocurre&#8221;, coment\u00f3 el jefe del bloque UCR.&nbsp;<\/p>\n\n\n\n<p>Un rato antes, los mismo dirigentes libertarios se hab\u00edan reunido con el jerarcas del PRO, Cristian Ritondo y Mar\u00eda Eugenia Vidal. &#8220;Vamos bien encaminados con los \u00faltimos detalles del proyecto de ley para que la tratemos la semana que viene. Est\u00e1n tomando muchas sugerencias que hicimos, y se modificaron cerca de 100 art\u00edculos en ese sentido&#8221;, indic\u00f3 el hombre de Mataderos&nbsp;al salir del encuentro. Por su parte, el diputado ultrabullrichista Damian Arabia tuite\u00f3 la t\u00edpica foto de la fumata blanca en el Vaticano.<\/p>\n\n\n\n<p>Un rato antes de las 22.30, despu\u00e9s de horas y horas de reuniones y negociaciones, los diputados dialoguistas bajaron del primer piso por las escaleras y salieron por la calle Combate de los Pozos, para esquivar a los cronistas de radio y televisi\u00f3n, que los esperaban en avenida Rivadavia.<\/p>\n\n\n\n<p> FUENTE: Mdzonline.<\/p>\n","protected":false},"excerpt":{"rendered":"<p>Las modificaciones planteadas por la oposici\u00f3n para acompa\u00f1ar el proyecto del oficialismo incluyen la quita de retenciones a las econom\u00edas regionales. En el vino ya eran del 0%. El Gobierno lleg\u00f3 este jueves por la noche a un principio de acuerdo con la oposici\u00f3n &#8220;dialoguista&#8221; luego de incorporar una serie de correcciones en los puntos [&hellip;]<\/p>\n","protected":false},"author":2,"featured_media":4685,"comment_status":"open","ping_status":"open","sticky":true,"template":"","format":"standard","meta":[],"categories":[47],"tags":[],"_links":{"self":[{"href":"https:\/\/pasaenmendoza.com\/index.php?rest_route=\/wp\/v2\/posts\/4684"}],"collection":[{"href":"https:\/\/pasaenmendoza.com\/index.php?rest_route=\/wp\/v2\/posts"}],"about":[{"href":"https:\/\/pasaenmendoza.com\/index.php?rest_route=\/wp\/v2\/types\/post"}],"author":[{"embeddable":true,"href":"https:\/\/pasaenmendoza.com\/index.php?rest_route=\/wp\/v2\/users\/2"}],"replies":[{"embeddable":true,"href":"https:\/\/pasaenmendoza.com\/index.php?rest_route=%2Fwp%2Fv2%2Fcomments&post=4684"}],"version-history":[{"count":1,"href":"https:\/\/pasaenmendoza.com\/index.php?rest_route=\/wp\/v2\/posts\/4684\/revisions"}],"predecessor-version":[{"id":4686,"href":"https:\/\/pasaenmendoza.com\/index.php?rest_route=\/wp\/v2\/posts\/4684\/revisions\/4686"}],"wp:featuredmedia":[{"embeddable":true,"href":"https:\/\/pasaenmendoza.com\/index.php?rest_route=\/wp\/v2\/media\/4685"}],"wp:attachment":[{"href":"https:\/\/pasaenmendoza.com\/index.php?rest_route=%2Fwp%2Fv2%2Fmedia&parent=4684"}],"wp:term":[{"taxonomy":"category","embeddable":true,"href":"https:\/\/pasaenmendoza.com\/index.php?rest_route=%2Fwp%2Fv2%2Fcategories&post=4684"},{"taxonomy":"post_tag","embeddable":true,"href":"https:\/\/pasaenmendoza.com\/index.php?rest_route=%2Fwp%2Fv2%2Ftags&post=4684"}],"curies":[{"name":"wp","href":"https:\/\/api.w.org\/{rel}","templated":true}]}}