{"id":4690,"date":"2024-01-19T13:29:41","date_gmt":"2024-01-19T12:29:41","guid":{"rendered":"https:\/\/pasaenmendoza.com\/?p=4690"},"modified":"2024-01-19T13:29:42","modified_gmt":"2024-01-19T12:29:42","slug":"se-destraba-la-ley-omnibus-por-el-apoyo-opositor","status":"publish","type":"post","link":"https:\/\/pasaenmendoza.com\/?p=4690","title":{"rendered":"Se destraba la ley \u00f3mnibus por el apoyo opositor"},"content":{"rendered":"\n<p>&nbsp;El&nbsp;<strong>Gobierno<\/strong>&nbsp;lleg\u00f3 este jueves a la noche a un principio de acuerdo con la oposici\u00f3n &#8220;dialoguista&#8221; luego de incorporar una serie de correcciones en los puntos m\u00e1s \u00e1lgidos del proyecto de ley \u00f3mnibus que se debate en la&nbsp;<strong>C\u00e1mara de Diputados.<\/strong><\/p>\n\n\n\n<p>Entre los cambios, que hab\u00edan sido una condici\u00f3n sine qua non que hab\u00edan planteado la UCR, Hacemos Coalici\u00f3n Federal e Innovaci\u00f3n Federal para acompa\u00f1ar el dictamen del oficialismo, se encuentra la reducci\u00f3n de 2 a 1 a\u00f1o de las facultades delegadas al Poder Ejecutivo con una mayor restricci\u00f3n de las emergencias declaradas, la implementaci\u00f3n de una nueva f\u00f3rmula de movilidad jubilatoria atada al \u00edndice de inflaci\u00f3n (o directamente el retiro de ese art\u00edculo para discutirlo despu\u00e9s en una norma aparte), la quita de YPF del listado de empresas p\u00fablicas declaradas sujetas a privatizaci\u00f3n, la reducci\u00f3n a cero de los derechos de exportaci\u00f3n aplicados a las econom\u00edas regionales, y el pase a archivo de la reforma electoral por uninominalidad de jurisdicci\u00f3n.<\/p>\n\n\n\n<p>La oposici\u00f3n le hab\u00eda pedido al Gobierno que tambi\u00e9n acepte acotar el abordaje de la iniciativa a los cap\u00edtulos vinculados a la emergencia econ\u00f3mica, pero en ese aspecto se mantuvo firme y dej\u00f3 en pie los cambios en Justicia, Educaci\u00f3n, Cultura, Ciencia, Salud e incluso la eliminaci\u00f3n de las PASO.<\/p>\n\n\n\n<p>As\u00ed lo confirm\u00f3 en di\u00e1logo con la prensa acreditada en Diputados el presidente del bloque de la UCR, Rodrigo De Loredo.<\/p>\n\n\n\n<p>FUENTE: Mendozapost.<\/p>\n","protected":false},"excerpt":{"rendered":"<p>&nbsp;El&nbsp;Gobierno&nbsp;lleg\u00f3 este jueves a la noche a un principio de acuerdo con la oposici\u00f3n &#8220;dialoguista&#8221; luego de incorporar una serie de correcciones en los puntos m\u00e1s \u00e1lgidos del proyecto de ley \u00f3mnibus que se debate en la&nbsp;C\u00e1mara de Diputados. Entre los cambios, que hab\u00edan sido una condici\u00f3n sine qua non que hab\u00edan planteado la UCR, [&hellip;]<\/p>\n","protected":false},"author":2,"featured_media":4691,"comment_status":"open","ping_status":"open","sticky":true,"template":"","format":"standard","meta":[],"categories":[47],"tags":[],"_links":{"self":[{"href":"https:\/\/pasaenmendoza.com\/index.php?rest_route=\/wp\/v2\/posts\/4690"}],"collection":[{"href":"https:\/\/pasaenmendoza.com\/index.php?rest_route=\/wp\/v2\/posts"}],"about":[{"href":"https:\/\/pasaenmendoza.com\/index.php?rest_route=\/wp\/v2\/types\/post"}],"author":[{"embeddable":true,"href":"https:\/\/pasaenmendoza.com\/index.php?rest_route=\/wp\/v2\/users\/2"}],"replies":[{"embeddable":true,"href":"https:\/\/pasaenmendoza.com\/index.php?rest_route=%2Fwp%2Fv2%2Fcomments&post=4690"}],"version-history":[{"count":1,"href":"https:\/\/pasaenmendoza.com\/index.php?rest_route=\/wp\/v2\/posts\/4690\/revisions"}],"predecessor-version":[{"id":4692,"href":"https:\/\/pasaenmendoza.com\/index.php?rest_route=\/wp\/v2\/posts\/4690\/revisions\/4692"}],"wp:featuredmedia":[{"embeddable":true,"href":"https:\/\/pasaenmendoza.com\/index.php?rest_route=\/wp\/v2\/media\/4691"}],"wp:attachment":[{"href":"https:\/\/pasaenmendoza.com\/index.php?rest_route=%2Fwp%2Fv2%2Fmedia&parent=4690"}],"wp:term":[{"taxonomy":"category","embeddable":true,"href":"https:\/\/pasaenmendoza.com\/index.php?rest_route=%2Fwp%2Fv2%2Fcategories&post=4690"},{"taxonomy":"post_tag","embeddable":true,"href":"https:\/\/pasaenmendoza.com\/index.php?rest_route=%2Fwp%2Fv2%2Ftags&post=4690"}],"curies":[{"name":"wp","href":"https:\/\/api.w.org\/{rel}","templated":true}]}}