{"id":4693,"date":"2024-01-19T13:37:04","date_gmt":"2024-01-19T12:37:04","guid":{"rendered":"https:\/\/pasaenmendoza.com\/?p=4693"},"modified":"2024-01-19T13:37:05","modified_gmt":"2024-01-19T12:37:05","slug":"alfredo-cornejo-tambien-les-descontara-el-dia-a-los-estatales-que-se-sumen-al-paro-general","status":"publish","type":"post","link":"https:\/\/pasaenmendoza.com\/?p=4693","title":{"rendered":"Alfredo Cornejo tambi\u00e9n les descontar\u00e1 el d\u00eda a los estatales que se sumen al paro general"},"content":{"rendered":"\n<p>Al igual que lo anticip\u00f3 este jueves el presidente Javier Milei, a trav\u00e9s del vocero Manuel Adorni,\u00a0desde el Gobierno de Mendoza adelantaron que se les\u00a0<strong>descontar\u00e1 el d\u00eda a los estatales que se sumen al paro general del 24 de enero<\/strong>. De todas maneras, en el entorno del gobernador\u00a0<strong>Alfredo Cornejo\u00a0<\/strong>le bajaron el tono al nivel de acatamiento que pueda llegar a tener la protesta nacional.<\/p>\n\n\n\n<p><strong>El ministro de Gobierno, Infraestructura y Desarrollo Territorial, Natalio Mema<\/strong>, confirm\u00f3 a UNO que no se pagar\u00e1n las horas no trabajadas por los empleados estatales y asegur\u00f3: &#8220;Los servicios en Mendoza se van a prestar con normalidad&#8221;.<\/p>\n\n\n\n<p>Por el horario y por haberse organizado en la segunda quincena de enero, momento en el que parte de la planta de personal est\u00e1 de vacaciones, consideraron que no tendr\u00e1 magnitud el cese de concurrencia a los lugares de trabajo.<\/p>\n\n\n\n<p>Contrariamente a lo que sostiene el Gobierno de Cornejo<strong>, la medida de fuerza, prevista a partir de las 12, implicar\u00e1 la afectaci\u00f3n de servicios en Mendoza<\/strong>, seg\u00fan lo confirm\u00f3 este jueves la<strong>&nbsp;Confederaci\u00f3n General del Trabajo (CGT)&nbsp;<\/strong>a la que se plegar\u00e1n los gremios Aprocam (Asociaci\u00f3n Propietarios de Camiones de Mendoza), la Uni\u00f3n Obrera Mendocina (UOM), Sindicato Argentino de Docentes Privados (SADOP) y La Asociaci\u00f3n de Trabajadores de la Industria Lechera (Atilra), entre otros.<\/p>\n\n\n\n<p>En el caso del transporte p\u00fablico, Sipemom -el gremio que representa a los choferes de micros- a\u00fan no dio a conocer la modalidad que adoptar\u00e1n sus empleados.<\/p>\n\n\n\n<p>En las reparticiones del Estado, la Asociaci\u00f3n de Trabajadores del Estado (ATE) ya anticip\u00f3 que se sumar\u00e1n a la acci\u00f3n del pr\u00f3ximo mi\u00e9rcoles, aunque deber\u00e1n garantizar las guardias m\u00ednimas en los hospitales por ejemplo.<\/p>\n\n\n\n<p><strong>El secretario General de ATE, Roberto Macho,\u00a0<\/strong>dijo a este medio que &#8220;los trabajadores est\u00e1n protegidos por la Ley para manifestarse en contra de las pol\u00edticas de Javier Milei y no s\u00f3lo la protesta es en reclamo de la Ley \u00d3mnibus y se va a sentir en todos los organismos nacionales y provinciales&#8221;.<\/p>\n\n\n\n<p>Macho argument\u00f3: &#8220;Con este nivel de inflaci\u00f3n los compa\u00f1eros no llegan a comer hasta fin de mes&#8221;.<\/p>\n\n\n\n<h2 class=\"wp-block-heading\">C\u00f3mo funcionar\u00e1n los bancos<\/h2>\n\n\n\n<p><strong>El secretario general de La Bancaria, Sergio Gim\u00e9nez&nbsp;<\/strong>destac\u00f3 que&nbsp;<strong>los bancos prestar\u00e1n servicios hasta las 12, cuando los empleados se retirar\u00e1n hasta la seccional para la concentraci\u00f3n de las 13 frente a la Legislatura de Mendoza.<\/strong><\/p>\n\n\n\n<p>&#8220;Estimamos que la proyecci\u00f3n va a ser del 100% porque realmente no hay sector econ\u00f3mico y productivo que no se vean afectados por la Ley \u00d3mnibus y el DNU&#8221;, puntualiz\u00f3 el gremialista.<\/p>\n\n\n\n<h2 class=\"wp-block-heading\">Marcha a la Legislatura de Mendoza<\/h2>\n\n\n\n<p>La CGT convoc\u00f3 para este mi\u00e9rcoles 24 de enero a un paro general desde el mediod\u00eda y a una marcha a la Legislatura de Mendoza, en donde confluir\u00e1n los distintos sindicatos estatales y privados en reclamo del Decreto de Necesidad y Urgencia (DNU) y la Ley \u00d3mnibus que se tratar\u00eda ese d\u00eda en el Congreso.<\/p>\n\n\n\n<p>FUENTE: Diariouno.com.ar <\/p>\n","protected":false},"excerpt":{"rendered":"<p>Al igual que lo anticip\u00f3 este jueves el presidente Javier Milei, a trav\u00e9s del vocero Manuel Adorni,\u00a0desde el Gobierno de Mendoza adelantaron que se les\u00a0descontar\u00e1 el d\u00eda a los estatales que se sumen al paro general del 24 de enero. De todas maneras, en el entorno del gobernador\u00a0Alfredo Cornejo\u00a0le bajaron el tono al nivel de [&hellip;]<\/p>\n","protected":false},"author":2,"featured_media":4697,"comment_status":"open","ping_status":"open","sticky":true,"template":"","format":"standard","meta":[],"categories":[47],"tags":[],"_links":{"self":[{"href":"https:\/\/pasaenmendoza.com\/index.php?rest_route=\/wp\/v2\/posts\/4693"}],"collection":[{"href":"https:\/\/pasaenmendoza.com\/index.php?rest_route=\/wp\/v2\/posts"}],"about":[{"href":"https:\/\/pasaenmendoza.com\/index.php?rest_route=\/wp\/v2\/types\/post"}],"author":[{"embeddable":true,"href":"https:\/\/pasaenmendoza.com\/index.php?rest_route=\/wp\/v2\/users\/2"}],"replies":[{"embeddable":true,"href":"https:\/\/pasaenmendoza.com\/index.php?rest_route=%2Fwp%2Fv2%2Fcomments&post=4693"}],"version-history":[{"count":1,"href":"https:\/\/pasaenmendoza.com\/index.php?rest_route=\/wp\/v2\/posts\/4693\/revisions"}],"predecessor-version":[{"id":4698,"href":"https:\/\/pasaenmendoza.com\/index.php?rest_route=\/wp\/v2\/posts\/4693\/revisions\/4698"}],"wp:featuredmedia":[{"embeddable":true,"href":"https:\/\/pasaenmendoza.com\/index.php?rest_route=\/wp\/v2\/media\/4697"}],"wp:attachment":[{"href":"https:\/\/pasaenmendoza.com\/index.php?rest_route=%2Fwp%2Fv2%2Fmedia&parent=4693"}],"wp:term":[{"taxonomy":"category","embeddable":true,"href":"https:\/\/pasaenmendoza.com\/index.php?rest_route=%2Fwp%2Fv2%2Fcategories&post=4693"},{"taxonomy":"post_tag","embeddable":true,"href":"https:\/\/pasaenmendoza.com\/index.php?rest_route=%2Fwp%2Fv2%2Ftags&post=4693"}],"curies":[{"name":"wp","href":"https:\/\/api.w.org\/{rel}","templated":true}]}}