{"id":4703,"date":"2024-01-19T14:01:14","date_gmt":"2024-01-19T13:01:14","guid":{"rendered":"https:\/\/pasaenmendoza.com\/?p=4703"},"modified":"2024-01-19T14:01:15","modified_gmt":"2024-01-19T13:01:15","slug":"mendoza-uno-de-los-puntos-mas-calientes-del-pais-hay-alerta-por-temperaturas-extremas","status":"publish","type":"post","link":"https:\/\/pasaenmendoza.com\/?p=4703","title":{"rendered":"Mendoza, uno de los puntos m\u00e1s calientes del pa\u00eds: hay alerta por temperaturas extremas"},"content":{"rendered":"\n<p>Sigue el calor en&nbsp;<strong>Mendoza<\/strong>&nbsp;y, para este viernes,&nbsp;<mark>se prev\u00e9 que la provincia se ubique entre los destinos m\u00e1s calurosos del pa\u00eds.<\/mark><\/p>\n\n\n\n<p>De acuerdo con lo reportado por la\u00a0<strong>Direcci\u00f3n de Contingencias Clim\u00e1ticas<\/strong>, para este viernes se pronostica una jornada \u201ccalurosa con poca nubosidad y vientos moderados del noreste\u201d.<mark>\u00a0La m\u00ednima ser\u00e1 de 20 grados y la m\u00e1xima de 35.<\/mark><\/p>\n\n\n\n<p>Adem\u00e1s, el\u00a0<strong>Servicio Meteorol\u00f3gico Nacional<\/strong>\u00a0<strong>(SMN)<\/strong>\u00a0emiti\u00f3 un\u00a0<mark>alerta amarillo por temperaturas extremas.<\/mark>\u00a0El fen\u00f3meno se registrar\u00e1 en horas de la tarde y afectar\u00e1 al Este de Las Heras, La Paz, Lavalle, San Mart\u00edn, Santa Rosa, precordillera de Las Heras y Luj\u00e1n de Cuyo, departamentos del Este y Valle de Uco.<\/p>\n\n\n\n<p>Para el<strong>&nbsp;s\u00e1bado<\/strong>&nbsp;se espera un d\u00eda caluroso con nubosidad variable y tormentas aisladas, con vientos moderados del noreste.&nbsp;<mark>La m\u00ednima ser\u00e1 de 23 grados y la m\u00e1xima de 37.<\/mark><\/p>\n\n\n\n<p>En tanto, para el\u00a0<strong>domingo<\/strong>\u00a0se pronostica: \u201cCalor con nubosidad variable, vientos moderados del noreste y tormentas aisladas\u201d.\u00a0<mark>La m\u00ednima ser\u00e1 de 22 grados y la m\u00e1xima de 36.<\/mark><\/p>\n\n\n\n<p><strong>La situaci\u00f3n en alta monta\u00f1a<\/strong><\/p>\n\n\n\n<p>El&nbsp;<strong>Sistema Integrado Cristo Redentor<\/strong>&nbsp;se encuentra&nbsp;<mark>habilitado&nbsp;<\/mark>para todo tipo de veh\u00edculos, durante las 24 horas.<\/p>\n\n\n\n<p>El\u00a0<strong>paso Pehuenche<\/strong>\u00a0est\u00e1\u00a0<mark>transitable<\/mark>, de 9 a 19.<\/p>\n\n\n\n<p><strong>Fuente: www.elsol.com.ar<\/strong><\/p>\n","protected":false},"excerpt":{"rendered":"<p>Sigue el calor en&nbsp;Mendoza&nbsp;y, para este viernes,&nbsp;se prev\u00e9 que la provincia se ubique entre los destinos m\u00e1s calurosos del pa\u00eds. De acuerdo con lo reportado por la\u00a0Direcci\u00f3n de Contingencias Clim\u00e1ticas, para este viernes se pronostica una jornada \u201ccalurosa con poca nubosidad y vientos moderados del noreste\u201d.\u00a0La m\u00ednima ser\u00e1 de 20 grados y la m\u00e1xima de [&hellip;]<\/p>\n","protected":false},"author":2,"featured_media":4704,"comment_status":"open","ping_status":"open","sticky":false,"template":"","format":"standard","meta":[],"categories":[52],"tags":[],"_links":{"self":[{"href":"https:\/\/pasaenmendoza.com\/index.php?rest_route=\/wp\/v2\/posts\/4703"}],"collection":[{"href":"https:\/\/pasaenmendoza.com\/index.php?rest_route=\/wp\/v2\/posts"}],"about":[{"href":"https:\/\/pasaenmendoza.com\/index.php?rest_route=\/wp\/v2\/types\/post"}],"author":[{"embeddable":true,"href":"https:\/\/pasaenmendoza.com\/index.php?rest_route=\/wp\/v2\/users\/2"}],"replies":[{"embeddable":true,"href":"https:\/\/pasaenmendoza.com\/index.php?rest_route=%2Fwp%2Fv2%2Fcomments&post=4703"}],"version-history":[{"count":1,"href":"https:\/\/pasaenmendoza.com\/index.php?rest_route=\/wp\/v2\/posts\/4703\/revisions"}],"predecessor-version":[{"id":4705,"href":"https:\/\/pasaenmendoza.com\/index.php?rest_route=\/wp\/v2\/posts\/4703\/revisions\/4705"}],"wp:featuredmedia":[{"embeddable":true,"href":"https:\/\/pasaenmendoza.com\/index.php?rest_route=\/wp\/v2\/media\/4704"}],"wp:attachment":[{"href":"https:\/\/pasaenmendoza.com\/index.php?rest_route=%2Fwp%2Fv2%2Fmedia&parent=4703"}],"wp:term":[{"taxonomy":"category","embeddable":true,"href":"https:\/\/pasaenmendoza.com\/index.php?rest_route=%2Fwp%2Fv2%2Fcategories&post=4703"},{"taxonomy":"post_tag","embeddable":true,"href":"https:\/\/pasaenmendoza.com\/index.php?rest_route=%2Fwp%2Fv2%2Ftags&post=4703"}],"curies":[{"name":"wp","href":"https:\/\/api.w.org\/{rel}","templated":true}]}}