{"id":4720,"date":"2024-01-22T13:10:10","date_gmt":"2024-01-22T12:10:10","guid":{"rendered":"https:\/\/pasaenmendoza.com\/?p=4720"},"modified":"2024-01-22T13:10:12","modified_gmt":"2024-01-22T12:10:12","slug":"un-mes-en-rojo-y-los-ahorros-de-suarez-las-cuentas-en-la-era-cornejo-milei","status":"publish","type":"post","link":"https:\/\/pasaenmendoza.com\/?p=4720","title":{"rendered":"Un mes en rojo y los ahorros de Suarez: las cuentas en la &#8220;era Cornejo-Milei&#8221;"},"content":{"rendered":"\n<p>Diciembre termin\u00f3 con un rojo superior a los 6 mil millones de pesos, pero en todo el 2023 hubo un ahorro de m\u00e1s de 100 mil millones de pesos. Cayeron las fuentes de recursos y temen por el futuro.<\/p>\n\n\n\n<p>Las\u00a0cuentas p\u00fablicas\u00a0se transformaron en la principal preocupaci\u00f3n del Gobierno. Ca\u00edda en la recaudaci\u00f3n, malas perspectivas en las transferencias nacionales, costos m\u00e1s elevados y mayor demanda de servicios hacen una ecuaci\u00f3n compleja para el gobernador\u00a0<strong>Alfredo Cornejo<\/strong>. Pues diciembre, primer mes de su gesti\u00f3n y \u00faltimo del a\u00f1o pasado, termin\u00f3 en &#8220;rojo&#8221; por la baja recaudaci\u00f3n y porque es el mes de mayor gasto; aunque Mendoza termin\u00f3 el 2023 con un &#8220;ahorro&#8221; de m\u00e1s de 100 mil millones. Entre los or\u00edgenes de esos recursos est\u00e1 la escasa ejecuci\u00f3n del plan de obras p\u00fablicas que fue subejecutado.\u00a0<\/p>\n\n\n\n<p>El balance de la &#8220;caja&#8221; presentado por la Tesorer\u00eda de la Provincia marca que diciembre termin\u00f3 en negativo en m\u00e1s de 6 mil millones de pesos. Concretamente figura\u00a0-6.801.704.025. Sin embargo el a\u00f1o termin\u00f3 con un &#8220;super\u00e1vit&#8221; de\u00a0113.907.700.470 pesos. Esos son los recursos que\u00a0<strong>Rodolfo Suarez\u00a0<\/strong>citaba como la &#8220;herencia&#8221; que le dejaba a\u00a0<strong>Cornejo<\/strong>. &#8220;Va a poder hacer much\u00edsima obra p\u00fablica con los ahorros que dejamos&#8221;, repiti\u00f3 el exgobernador.\u00a0<\/p>\n\n\n\n<p>Uno de los datos llamativos es que la ejecuci\u00f3n de obras p\u00fablicas estuvo por abajo de lo previsto. Al 31 de diciembre del a\u00f1o pasado se hab\u00edan ejecutado&nbsp;37.285.006.044 pesos. Se hab\u00edan previsto&nbsp;61.917.272.790 pesos para obras, sin la inflaci\u00f3n del 200% que hubo, por lo que se trasluce que hubo una fuerte subejecuci\u00f3n del presupuesto en obras. Aparte figuran los ingresos anuales por &#8220;Portezuelo del Viento&#8221;, que fueron&nbsp;121.954.999.340&nbsp;(esos recursos en realidad est\u00e1n en d\u00f3lares). Por regal\u00edas, una de las fuentes de recursos que en Mendoza est\u00e1 en ca\u00edda, se sumaron 47.956.411.963 pesos.&nbsp;<\/p>\n\n\n\n<p>En cuanto a los ingresos, la Provincia recaud\u00f3\u00a0503.667.690.687 pesos; y llegaron por fondos nacionales\u00a0600.447.102.301. Un dato importante es que de esos recursos nacionales, 408 mil millones fueron de coparticipaci\u00f3n; mientras que el resto lleg\u00f3 por otras v\u00edas que ahora, con Javier Milei, est\u00e1n en riesgo de continuidad. De hecho hubo en el a\u00f1o mayor crecimiento de los recursos nacionales que provinciales.\u00a0<\/p>\n\n\n\n<p>La incertidumbre sobre el futuro de los recursos es lo que ha frenado gran parte de las ideas de gesti\u00f3n del propio\u00a0<strong>Cornejo<\/strong>. De entrada el recorte que se gener\u00f3 por el cambio en el Impuesto a las Ganancias ya tiene efectos. Pero adem\u00e1s hubo descenso de la recaudaci\u00f3n de impuestos provinciales en diciembre y de coparticipaci\u00f3n. Esta semana es clave porque se terminar\u00e1 de negociar con la Naci\u00f3n el esquema impositivo.\u00a0<\/p>\n\n\n\n<p>FUENTE: Mdzonline.<\/p>\n","protected":false},"excerpt":{"rendered":"<p>Diciembre termin\u00f3 con un rojo superior a los 6 mil millones de pesos, pero en todo el 2023 hubo un ahorro de m\u00e1s de 100 mil millones de pesos. Cayeron las fuentes de recursos y temen por el futuro. Las\u00a0cuentas p\u00fablicas\u00a0se transformaron en la principal preocupaci\u00f3n del Gobierno. Ca\u00edda en la recaudaci\u00f3n, malas perspectivas en [&hellip;]<\/p>\n","protected":false},"author":2,"featured_media":4721,"comment_status":"open","ping_status":"open","sticky":true,"template":"","format":"standard","meta":[],"categories":[47],"tags":[],"_links":{"self":[{"href":"https:\/\/pasaenmendoza.com\/index.php?rest_route=\/wp\/v2\/posts\/4720"}],"collection":[{"href":"https:\/\/pasaenmendoza.com\/index.php?rest_route=\/wp\/v2\/posts"}],"about":[{"href":"https:\/\/pasaenmendoza.com\/index.php?rest_route=\/wp\/v2\/types\/post"}],"author":[{"embeddable":true,"href":"https:\/\/pasaenmendoza.com\/index.php?rest_route=\/wp\/v2\/users\/2"}],"replies":[{"embeddable":true,"href":"https:\/\/pasaenmendoza.com\/index.php?rest_route=%2Fwp%2Fv2%2Fcomments&post=4720"}],"version-history":[{"count":1,"href":"https:\/\/pasaenmendoza.com\/index.php?rest_route=\/wp\/v2\/posts\/4720\/revisions"}],"predecessor-version":[{"id":4722,"href":"https:\/\/pasaenmendoza.com\/index.php?rest_route=\/wp\/v2\/posts\/4720\/revisions\/4722"}],"wp:featuredmedia":[{"embeddable":true,"href":"https:\/\/pasaenmendoza.com\/index.php?rest_route=\/wp\/v2\/media\/4721"}],"wp:attachment":[{"href":"https:\/\/pasaenmendoza.com\/index.php?rest_route=%2Fwp%2Fv2%2Fmedia&parent=4720"}],"wp:term":[{"taxonomy":"category","embeddable":true,"href":"https:\/\/pasaenmendoza.com\/index.php?rest_route=%2Fwp%2Fv2%2Fcategories&post=4720"},{"taxonomy":"post_tag","embeddable":true,"href":"https:\/\/pasaenmendoza.com\/index.php?rest_route=%2Fwp%2Fv2%2Ftags&post=4720"}],"curies":[{"name":"wp","href":"https:\/\/api.w.org\/{rel}","templated":true}]}}