{"id":4723,"date":"2024-01-22T13:14:09","date_gmt":"2024-01-22T12:14:09","guid":{"rendered":"https:\/\/pasaenmendoza.com\/?p=4723"},"modified":"2024-01-22T13:14:11","modified_gmt":"2024-01-22T12:14:11","slug":"ya-es-oficial-quienes-son-los-dos-mendocinos-que-desembarcaron-en-el-gobierno-de-javier-milei","status":"publish","type":"post","link":"https:\/\/pasaenmendoza.com\/?p=4723","title":{"rendered":"Ya es oficial: qui\u00e9nes son los dos mendocinos que desembarcaron en el Gobierno de Javier Milei"},"content":{"rendered":"\n<p>Si bien sus designaciones ya fueron anunciadas hace algunas semanas, reci\u00e9n este lunes se oficializ\u00f3 el desembarco de dos mendocinos en el Gobierno de Javier Milei.<\/p>\n\n\n\n<p>Por peso propio, la confirmaci\u00f3n de\u00a0<strong>Carlos Tizio<\/strong>\u00a0como presidente del Instituto Nacional de Vitivinicultura (INV) es la m\u00e1s relevante. El restante nombramiento es el del \u201ccornejista\u201d\u00a0<strong>N\u00e9stor Majul<\/strong>, como funcionario del Ministerio de Seguridad de la Naci\u00f3n.<\/p>\n\n\n\n<p><em>\u201cDes\u00edgnase, a partir del 11 de diciembre de 2023, al ingeniero agr\u00f3nomo Carlos Ra\u00fal Tizio Mayer en el cargo de Presidente del Instituto Nacional de Vitivinicultura, organismo descentralizado actuante en la \u00f3rbita de la Secretar\u00eda de Agricultura, Ganader\u00eda y Pesca del Ministerio de Econom\u00eda\u201d<\/em>, sostiene el art\u00edculo 1 del decreto 66\/2024, firmado por Milei y el ministro de Econom\u00eda, Luis Caputo.<\/p>\n\n\n\n<p>De esta manera&nbsp;<strong>Tizio&nbsp;<\/strong>volvi\u00f3 al lugar que ya ocup\u00f3 durante la gesti\u00f3n de Mauricio Macri, en reemplazo del peronista Mart\u00edn Hinojosa. En 2016, fue promovido por la entonces legisladora nacional y reconocida bodeguera Susana Balbo; ahora, la vuelta del ingeniero agr\u00f3nomo y empresario vitivin\u00edcola al organismo fue impulsada por referentes del Partido Dem\u00f3crata y habr\u00eda contado con el aval del gobernador&nbsp;<strong>Alfredo Cornejo.<\/strong><\/p>\n\n\n\n<p>Hist\u00f3ricamente, el INV es presidido por un mendocino mientras que la vicepresidencia queda en manos de un sanjuanino. Por el momento, se desconoce qui\u00e9n acompa\u00f1ar\u00e1 a Tizio en su nueva gesti\u00f3n.<\/p>\n\n\n\n<p>Otra designaci\u00f3n confirmada este lunes fue la de&nbsp;<strong>Majul<\/strong>, quien durante ocho a\u00f1os ocup\u00f3 un rol clave en el Ministerio de Seguridad de la provincia y ahora dio el salto a la Naci\u00f3n.<\/p>\n\n\n\n<p><em>\u201cDes\u00edgnase, a partir del 2 de enero de 2024, en el cargo de Subsecretario de Programaci\u00f3n Federal y Articulaci\u00f3n Legislativa de la Secretar\u00eda de Articulaci\u00f3n Federal del Ministerio de Seguridad al se\u00f1or N\u00e9stor Octavio Majul\u201d<\/em>, destaca el art\u00edculo 5 del decreto 62\/2024.<\/p>\n\n\n\n<p><strong>Majul&nbsp;<\/strong>fue subsecretario de Relaciones Institucionales del Ministerio de Seguridad durante el primer mandato de Cornejo y en el gobierno de Rodolfo Suarez.<\/p>\n\n\n\n<p>Tras un intento trunco para pelear por la intendencia de Maip\u00fa (perdi\u00f3 en las PASO de Cambia Mendoza contra Mauricio Pinti Clop), Majul fue convocado por la ministra de Seguridad de la Naci\u00f3n,\u00a0<strong>Patricia Bullrich<\/strong>. Su funci\u00f3n central ser\u00e1 la de coordinar y tejer v\u00ednculos con autoridades provinciales.<\/p>\n\n\n\n<p>FUENTE: Elsol.com.ar<\/p>\n","protected":false},"excerpt":{"rendered":"<p>Si bien sus designaciones ya fueron anunciadas hace algunas semanas, reci\u00e9n este lunes se oficializ\u00f3 el desembarco de dos mendocinos en el Gobierno de Javier Milei. Por peso propio, la confirmaci\u00f3n de\u00a0Carlos Tizio\u00a0como presidente del Instituto Nacional de Vitivinicultura (INV) es la m\u00e1s relevante. El restante nombramiento es el del \u201ccornejista\u201d\u00a0N\u00e9stor Majul, como funcionario del [&hellip;]<\/p>\n","protected":false},"author":2,"featured_media":4727,"comment_status":"open","ping_status":"open","sticky":true,"template":"","format":"standard","meta":[],"categories":[47],"tags":[],"_links":{"self":[{"href":"https:\/\/pasaenmendoza.com\/index.php?rest_route=\/wp\/v2\/posts\/4723"}],"collection":[{"href":"https:\/\/pasaenmendoza.com\/index.php?rest_route=\/wp\/v2\/posts"}],"about":[{"href":"https:\/\/pasaenmendoza.com\/index.php?rest_route=\/wp\/v2\/types\/post"}],"author":[{"embeddable":true,"href":"https:\/\/pasaenmendoza.com\/index.php?rest_route=\/wp\/v2\/users\/2"}],"replies":[{"embeddable":true,"href":"https:\/\/pasaenmendoza.com\/index.php?rest_route=%2Fwp%2Fv2%2Fcomments&post=4723"}],"version-history":[{"count":1,"href":"https:\/\/pasaenmendoza.com\/index.php?rest_route=\/wp\/v2\/posts\/4723\/revisions"}],"predecessor-version":[{"id":4728,"href":"https:\/\/pasaenmendoza.com\/index.php?rest_route=\/wp\/v2\/posts\/4723\/revisions\/4728"}],"wp:featuredmedia":[{"embeddable":true,"href":"https:\/\/pasaenmendoza.com\/index.php?rest_route=\/wp\/v2\/media\/4727"}],"wp:attachment":[{"href":"https:\/\/pasaenmendoza.com\/index.php?rest_route=%2Fwp%2Fv2%2Fmedia&parent=4723"}],"wp:term":[{"taxonomy":"category","embeddable":true,"href":"https:\/\/pasaenmendoza.com\/index.php?rest_route=%2Fwp%2Fv2%2Fcategories&post=4723"},{"taxonomy":"post_tag","embeddable":true,"href":"https:\/\/pasaenmendoza.com\/index.php?rest_route=%2Fwp%2Fv2%2Ftags&post=4723"}],"curies":[{"name":"wp","href":"https:\/\/api.w.org\/{rel}","templated":true}]}}